{"id":20820,"date":"2026-03-08T11:49:38","date_gmt":"2026-03-08T15:49:38","guid":{"rendered":"https:\/\/nazarenonews.com.br\/?p=20820"},"modified":"2026-03-08T11:49:39","modified_gmt":"2026-03-08T15:49:39","slug":"historico-de-ameacas-e-violencia-domestica-o-que-os-feminicidios-registrados-em-mt-tem-em-comum","status":"publish","type":"post","link":"https:\/\/nazarenonews.com.br\/index.php\/2026\/03\/08\/historico-de-ameacas-e-violencia-domestica-o-que-os-feminicidios-registrados-em-mt-tem-em-comum\/","title":{"rendered":"Hist\u00f3rico de amea\u00e7as e viol\u00eancia dom\u00e9stica: o que os feminic\u00eddios registrados em MT t\u00eam em comum"},"content":{"rendered":"\n<p>Dados da Secretaria Estadual de Seguran\u00e7a P\u00fablica (Sesp-MT) revelam um padr\u00e3o que se repete nos casos de feminic\u00eddio registrados em Mato Grosso:&nbsp;mulheres assassinadas por companheiros ou ex-companheiros, dentro de casa ou em contextos de conviv\u00eancia familiar. Neste domingo (8), em que \u00e9 celebrado o&nbsp;<strong>Dia Internacional da Mulher<\/strong>, o&nbsp;<a class=\"\" href=\"https:\/\/g1.globo.com\/mt\/mato-grosso\/\"><strong>g1<\/strong><\/a>&nbsp;reuniu os casos de&nbsp;<strong>feminic\u00eddio&nbsp;<\/strong>registrados neste ano no estado para mostrar o que essas mortes t\u00eam em comum.<\/p>\n\n\n\n<p>At\u00e9 o dia 2 de mar\u00e7o deste ano, quatro feminic\u00eddios foram contabilizados no estado, segundo um levantamento da Sesp-MT. As v\u00edtimas tinham\u00a0<strong>entre 29 e 51 anos<\/strong>\u00a0e, em todos os casos, os suspeitos eram\u00a0homens com algum tipo de rela\u00e7\u00e3o pr\u00f3xima com elas, sendo marido, ex-marido ou companheiro.<\/p>\n\n\n\n<p>O cen\u00e1rio acompanha um hist\u00f3rico de viol\u00eancia contra mulheres no estado. Em 2025, o estado registrou&nbsp;<strong>53 feminic\u00eddios<\/strong>, n\u00famero 13% maior do que em 2024, quando foram contabilizadas&nbsp;<strong>47 mortes desse tipo.<\/strong><\/p>\n\n\n\n<p>No ano passado,&nbsp;<strong>95 mulheres foram assassinadas<\/strong>&nbsp;em Mato Grosso, somando homic\u00eddios dolosos e feminic\u00eddios. Segundo a Sesp, respons\u00e1vel pelo levantamento, o n\u00famero \u00e9 4% menor que o registrado em 2024, quando houve<strong>&nbsp;99 mortes.<\/strong>&nbsp;J\u00e1 os feminic\u00eddios aumentaram de<strong>&nbsp;47<\/strong>&nbsp;para&nbsp;<strong>53<\/strong>&nbsp;casos no per\u00edodo, uma alta de 13%.<\/p>\n\n\n\n<h2 class=\"wp-block-heading\">Feminic\u00eddios em 2026<\/h2>\n\n\n\n<p>Os quatro casos registrados neste ano mostram caracter\u00edsticas semelhantes:<\/p>\n\n\n\n<ul>\n<li>mulheres adultas,\u00a0<strong>entre 29 e 51 anos<\/strong><\/li>\n\n\n\n<li><strong>crimes cometidos por homens<\/strong>\u00a0com v\u00ednculo afetivo ou familiar<\/li>\n\n\n\n<li>viol\u00eancia ocorrendo dentro de casa ou em<strong>\u00a0ambiente dom\u00e9stico<\/strong><\/li>\n\n\n\n<li>em alguns casos,<strong>\u00a0hist\u00f3rico de amea\u00e7as<\/strong>\u00a0ou conflitos anteriores<\/li>\n<\/ul>\n\n\n\n<p><strong>As v\u00edtimas s\u00e3o:<\/strong><\/p>\n\n\n\n<h2 class=\"wp-block-heading\">Luciene Naves Correia<\/h2>\n\n\n\n<p>Entre os casos mais recentes, est\u00e1 o assassinato da<a class=\"\" href=\"https:\/\/g1.globo.com\/mt\/mato-grosso\/noticia\/2026\/02\/16\/professora-e-morta-a-tiros-em-cuiaba-e-ex-marido-com-medida-protetiva-e-apontado-como-suspeito.ghtml\">&nbsp;professora Luciene Naves Correia<\/a>, de 51 anos. Ela foi morta a tiros dentro da pr\u00f3pria casa, no Bairro Osmar Cabral, em&nbsp;<a class=\"\" href=\"https:\/\/g1.globo.com\/mt\/mato-grosso\/cidade\/cuiaba\/\">Cuiab\u00e1<\/a>, pelo ex-marido Paulo Neves Bispo, de 61 anos. A v\u00edtima tinha uma medida protetiva ativa contra o criminoso.<\/p>\n\n\n\n<p>Segundo a Pol\u00edcia Militar, Paulo invadiu a casa enquanto a professora tomava caf\u00e9 da manh\u00e3. Ap\u00f3s disparar contra Luciene, ele tentou atacar a filha do casal, que conseguiu se trancar em um quarto e escapar. Durante a fuga, Paulo foi perseguido por moradores at\u00e9 o Bairro Jardim Liberdade, onde um policial militar de folga atirou contra ele. Paulo morreu no local.<\/p>\n\n\n\n<p>A tenente coronel Thayse Assun\u00e7\u00e3o informou que o homem seguia em dire\u00e7\u00e3o \u00e0 casa de outra filha do casal, com a inten\u00e7\u00e3o de mat\u00e1-la tamb\u00e9m. As filhas da professora relataram que o bot\u00e3o do p\u00e2nico do aplicativo SOS Mulher MT foi acionado anteriormente, mas afirmam que n\u00e3o houve a\u00e7\u00e3o efetiva para evitar o crime.<\/p>\n\n\n\n<h2 class=\"wp-block-heading\">Laila Carolina Souza da Concei\u00e7\u00e3o<\/h2>\n\n\n\n<p>Laila Carolina Souza da Concei\u00e7\u00e3o tinha 29 anos \u2014 Foto: Reprodu\u00e7\u00e3o<\/p>\n\n\n\n<p>Outro caso que evidencia a vulnerabilidade das mulheres frente \u00e0 viol\u00eancia ocorreu em&nbsp;<a class=\"\" href=\"https:\/\/g1.globo.com\/mt\/mato-grosso\/cidade\/nova-maringa\/\">Nova Maring\u00e1<\/a>, a 392 km de Cuiab\u00e1. Laila Carolina Souza da Concei\u00e7\u00e3o, de 29 anos, foi e<a class=\"\" href=\"https:\/\/g1.globo.com\/mt\/mato-grosso\/noticia\/2026\/01\/11\/mulher-e-morta-a-facadas-pelo-companheiro-em-mt-filho-do-casal-presenciou-o-crime.ghtml\">ncontrada morta com marcas de golpes de faca na casa onde morava<\/a>, no dia 11 de janeiro.<\/p>\n\n\n\n<p>Conforme o boletim de ocorr\u00eancia, vizinhos acionaram a pol\u00edcia por volta das 10h50, ap\u00f3s ouvirem uma briga entre o casal. Ao chegar ao local, os agentes encontraram um dos filhos da v\u00edtima em estado de desespero, pedindo socorro. O corpo de Laila foi localizado ca\u00eddo no ch\u00e3o da resid\u00eancia, apresentando diversas perfura\u00e7\u00f5es.<\/p>\n\n\n\n<p>A Justi\u00e7a converteu a pris\u00e3o do suspeito em preventiva. De acordo com a Pol\u00edcia Civil, o homem era cunhado da v\u00edtima e mantinha um relacionamento com ela ap\u00f3s o irm\u00e3o dele ser preso.<\/p>\n\n\n\n<p>Uma equipe do Hospital Municipal foi acionada, mas constatou a morte da v\u00edtima ainda no local. Durante as buscas, o suspeito foi encontrado correndo com uma faca na m\u00e3o e manchas de sangue pelo corpo. Ele foi preso em flagrante e, ao ser questionado, confessou o crime.<\/p>\n\n\n\n<h2 class=\"wp-block-heading\">Ana Paula Lima Carvalho<\/h2>\n\n\n\n<p>Ana Paula Carvalho de Lima, 48 anos, levou golpes de faca dentro de casa em Chapada dos Guimar\u00e3es \u2014 Foto: Reprodu\u00e7\u00e3o<\/p>\n\n\n\n<p>A esteticista Ana Paula Lima Carvalho, de 48 anos, morreu no Hospital Municipal de Cuiab\u00e1,&nbsp;<a class=\"\" href=\"https:\/\/g1.globo.com\/mt\/mato-grosso\/noticia\/2026\/02\/04\/esteticista-esfaqueada-pelo-ex-genro-morre-apos-24-dias-internada-em-mt.ghtml\">ap\u00f3s passar 24 dias internada ap\u00f3s ter sido esfaqueada em Chapada dos Guimar\u00e3es<\/a>, a 65 km de Cuiab\u00e1. O ataque ocorreu dentro da casa de Ana Paula no dia 11 de janeiro.<\/p>\n\n\n\n<p>Segundo a Pol\u00edcia Civil, o suspeito \u00e9 um homem de 30 anos, ex-genro da v\u00edtima. Ele teria invadido a casa e desferido diversos golpes contra Ana Paula antes de fugir, abandonando o ve\u00edculo na rodovia MT-251.<\/p>\n\n\n\n<h2 class=\"wp-block-heading\">Jaqueline de Ara\u00fajo dos Santos<\/h2>\n\n\n\n<p>V\u00edtima foi identificada como Jaqueline de Ara\u00fajo dos Santos \u2014 Foto: Reprodu\u00e7\u00e3o<\/p>\n\n\n\n<p>Em&nbsp;<a class=\"\" href=\"https:\/\/g1.globo.com\/mt\/mato-grosso\/cidade\/lucas-do-rio-verde\/\">Lucas do Rio Verde<\/a>, a 360 km de Cuiab\u00e1, Jaqueline de Ara\u00fajo dos Santos, de 40 anos, morreu ap\u00f3s ser&nbsp;<a class=\"\" href=\"https:\/\/g1.globo.com\/mt\/mato-grosso\/noticia\/2026\/02\/10\/mulher-esfaqueada-pelo-marido-liga-pedindo-socorro-e-morre-antes-de-encerrar-a-chamada-em-mt.ghtml\">esfaqueada enquanto pedia socorro \u00e0 pol\u00edcia<\/a>. Segundo a Pol\u00edcia Militar, uma equipe foi enviada enquanto ela ainda estava na liga\u00e7\u00e3o, mas Jaqueline morreu antes da chegada dos militares.<\/p>\n\n\n\n<p>O marido da v\u00edtima, cuja identidade n\u00e3o foi divulgada, foi preso em flagrante suspeito de feminic\u00eddio. Conforme o boletim de ocorr\u00eancia, ele estava sentado ao lado do corpo quando os policiais chegaram e confessou o crime. Relatou que mantinha relacionamento com Jaqueline h\u00e1 cerca de tr\u00eas anos, tendo se separado e voltado a morar juntos h\u00e1 cinco dias.<\/p>\n\n\n\n<p>De acordo com a PM, o homem contou que estava bebendo com a v\u00edtima desde a tarde, por volta das 17h, e que, durante a madrugada, por volta das 4h, desferiu os golpes durante uma discuss\u00e3o. A pr\u00f3pria v\u00edtima havia acionado a pol\u00edcia relatando estar sendo agredida, mas n\u00e3o sobreviveu \u00e0 viol\u00eancia.<\/p>\n\n\n\n<h2 class=\"wp-block-heading\">O que \u00e9 a Lei Maria da Penha<\/h2>\n\n\n\n<p>A Lei Maria da Penha foi sancionada em 7 de agosto de 2006 com o objetivo de criar mecanismos para prevenir e impedir a viol\u00eancia dom\u00e9stica e familiar contra a mulher. Segundo a Lei, a viol\u00eancia dom\u00e9stica contra a mulher envolve qualquer a\u00e7\u00e3o baseada no g\u00eanero, ou seja, a mulher sofrer algum tipo de viol\u00eancia apenas pelo fato de ser mulher.<\/p>\n\n\n\n<p><strong>O Instituto Maria da Penha aponta que essa viol\u00eancia pode ser dos seguintes tipos:<\/strong><\/p>\n\n\n\n<ul>\n<li><strong>Viol\u00eancia f\u00edsica:\u00a0<\/strong>qualquer a\u00e7\u00e3o que ofenda a integridade ou a sa\u00fade corporal da mulher. Exemplos: espancamentos, estrangulamento, cortes e sacudidas.<\/li>\n\n\n\n<li><strong>Viol\u00eancia psicol\u00f3gica:\u00a0<\/strong>qualquer a\u00e7\u00e3o que cause dano emocional e diminui\u00e7\u00e3o de autoestima; prejudique e perturbe o desenvolvimento da mulher ou tente degradar e controlar a\u00e7\u00f5es, comportamentos, cren\u00e7as e decis\u00f5es. Exemplos: amea\u00e7a, humilha\u00e7\u00e3o, manipula\u00e7\u00e3o, isolamento, vigil\u00e2ncia constante e persegui\u00e7\u00e3o.<\/li>\n\n\n\n<li><strong>Viol\u00eancia sexual:<\/strong>\u00a0qualquer a\u00e7\u00e3o que obrigue a v\u00edtima a presenciar, manter ou participar de rela\u00e7\u00e3o sexual n\u00e3o desejada. Exemplos: estupro, impedir uso de contraceptivos, for\u00e7ar prostitui\u00e7\u00e3o, entre outros.<\/li>\n\n\n\n<li><strong>Viol\u00eancia patrimonial:\u00a0<\/strong>qualquer a\u00e7\u00e3o que configure reten\u00e7\u00e3o ou destrui\u00e7\u00e3o de objetos, instrumentos de trabalho, documentos, bens e valores da v\u00edtima. Exemplos: controle do dinheiro, destrui\u00e7\u00e3o de documentos, estelionato, deixar de pagar pens\u00e3o aliment\u00edcia.<\/li>\n\n\n\n<li><strong>Viol\u00eancia moral:\u00a0<\/strong>qualquer a\u00e7\u00e3o que configure cal\u00fania, difama\u00e7\u00e3o e inj\u00faria. Exemplos: acusar a mulher de trai\u00e7\u00e3o, expor a vida \u00edntima, desvalorizar a v\u00edtima pelo seu modo de se vestir e outros.<\/li>\n<\/ul>\n\n\n\n<p><strong>O que \u00e9 medida protetiva?<\/strong><\/p>\n\n\n\n<p>As medidas protetivas s\u00e3o ordens judiciais que buscam proteger pessoas que estejam em situa\u00e7\u00e3o de risco, perigo ou vulnerabilidade. S\u00e3o dois tipos: as voltadas para o agressor, para impedir que ele se aproxime da v\u00edtima; e as voltadas para a v\u00edtima, para garantir a sua seguran\u00e7a e a prote\u00e7\u00e3o dos seus bens e da sua fam\u00edlia.<\/p>\n\n\n\n<p><strong>Quem pode solicitar?<\/strong><\/p>\n\n\n\n<p>Qualquer mulher que esteja passando por uma situa\u00e7\u00e3o de viol\u00eancia dom\u00e9stica e familiar, independente do tipo de amea\u00e7a, les\u00e3o ou omiss\u00e3o.<\/p>\n\n\n\n<p><strong>Como solicitar medida protetiva?<\/strong><\/p>\n\n\n\n<p>A solicita\u00e7\u00e3o da medida protetiva pode ser feita em delegacias, Minist\u00e9rios P\u00fablicos ou na Defensoria P\u00fablica. A mulher n\u00e3o precisa estar acompanhada de um advogado para fazer o pedido.<\/p>\n\n\n\n<p>g1-MT<\/p>\n","protected":false},"excerpt":{"rendered":"<p>Dados da Secretaria Estadual de Seguran\u00e7a P\u00fablica (Sesp-MT) revelam um padr\u00e3o que se repete nos casos de feminic\u00eddio registrados em Mato Grosso:&nbsp;mulheres assassinadas por companheiros ou ex-companheiros, dentro de casa ou em contextos de conviv\u00eancia familiar. Neste domingo (8), em que \u00e9 celebrado o&nbsp;Dia Internacional da Mulher, o&nbsp;g1&nbsp;reuniu os casos de&nbsp;feminic\u00eddio&nbsp;registrados neste ano no estado [&hellip;]<\/p>\n","protected":false},"author":2,"featured_media":20821,"comment_status":"closed","ping_status":"closed","sticky":false,"template":"","format":"standard","meta":{"_monsterinsights_skip_tracking":false,"_monsterinsights_sitenote_active":false,"_monsterinsights_sitenote_note":"","_monsterinsights_sitenote_category":0,"footnotes":""},"categories":[36,1],"tags":[],"_links":{"self":[{"href":"https:\/\/nazarenonews.com.br\/index.php\/wp-json\/wp\/v2\/posts\/20820"}],"collection":[{"href":"https:\/\/nazarenonews.com.br\/index.php\/wp-json\/wp\/v2\/posts"}],"about":[{"href":"https:\/\/nazarenonews.com.br\/index.php\/wp-json\/wp\/v2\/types\/post"}],"author":[{"embeddable":true,"href":"https:\/\/nazarenonews.com.br\/index.php\/wp-json\/wp\/v2\/users\/2"}],"replies":[{"embeddable":true,"href":"https:\/\/nazarenonews.com.br\/index.php\/wp-json\/wp\/v2\/comments?post=20820"}],"version-history":[{"count":1,"href":"https:\/\/nazarenonews.com.br\/index.php\/wp-json\/wp\/v2\/posts\/20820\/revisions"}],"predecessor-version":[{"id":20822,"href":"https:\/\/nazarenonews.com.br\/index.php\/wp-json\/wp\/v2\/posts\/20820\/revisions\/20822"}],"wp:featuredmedia":[{"embeddable":true,"href":"https:\/\/nazarenonews.com.br\/index.php\/wp-json\/wp\/v2\/media\/20821"}],"wp:attachment":[{"href":"https:\/\/nazarenonews.com.br\/index.php\/wp-json\/wp\/v2\/media?parent=20820"}],"wp:term":[{"taxonomy":"category","embeddable":true,"href":"https:\/\/nazarenonews.com.br\/index.php\/wp-json\/wp\/v2\/categories?post=20820"},{"taxonomy":"post_tag","embeddable":true,"href":"https:\/\/nazarenonews.com.br\/index.php\/wp-json\/wp\/v2\/tags?post=20820"}],"curies":[{"name":"wp","href":"https:\/\/api.w.org\/{rel}","templated":true}]}}