{"id":20815,"date":"2026-03-08T11:43:29","date_gmt":"2026-03-08T15:43:29","guid":{"rendered":"https:\/\/nazarenonews.com.br\/?p=20815"},"modified":"2026-03-08T11:43:55","modified_gmt":"2026-03-08T15:43:55","slug":"professora-morre-apos-ser-atacada-por-enxame-de-abelhas-no-pantanal-de-mt","status":"publish","type":"post","link":"https:\/\/nazarenonews.com.br\/index.php\/2026\/03\/08\/professora-morre-apos-ser-atacada-por-enxame-de-abelhas-no-pantanal-de-mt\/","title":{"rendered":"Professora morre ap\u00f3s ser atacada por enxame de abelhas no Pantanal de MT"},"content":{"rendered":"\n<p>A professora&nbsp;<strong>Suliana Aparecida Apoittia, de 42 anos<\/strong>, morreu ap\u00f3s ser&nbsp;atacada por um enxame de abelhas, em uma fazenda pr\u00f3xima \u00e0 rodovia Transpantaneira, no Pantanal mato-grossense, nesse s\u00e1bado (7).<\/p>\n\n\n\n<p>O&nbsp;<a class=\"\" href=\"https:\/\/g1.globo.com\/mt\/mato-grosso\/\"><strong>g1&nbsp;<\/strong><\/a>entrou em contato com o Corpo de Bombeiros, que informou ter sido acionado por familiares da v\u00edtima. No entanto, quando a equipe chegou ao local, ela j\u00e1 estava sem vida.<\/p>\n\n\n\n<p>A vice presidente do Projeto Jaguar ID, Helena Aimee, relatou ao&nbsp;<a class=\"\" href=\"https:\/\/g1.globo.com\/mt\/mato-grosso\/\"><strong>g1&nbsp;<\/strong><\/a>que, pela manh\u00e3, Suliana trabalhava no Centro de Educa\u00e7\u00e3o Ambiental Terra da On\u00e7a-Pintada, na regi\u00e3o de Porto Jofre. \u00c0 tarde, atuava como boiadeira.<\/p>\n\n\n\n<p>Segundo pessoas pr\u00f3ximas \u00e0 professora, o&nbsp;ataque aconteceu enquanto ela participava de uma comitiva de gado, pr\u00e1tica tradicional da pecu\u00e1ria brasileira, especialmente no Pantanal. Nessa atividade, um grupo conduz o gado a p\u00e9 ou a cavalo por longas dist\u00e2ncias entre fazendas.<\/p>\n\n\n\n<p>Nas redes sociais, amigos, guias de turismo e fot\u00f3grafos que atuam no Pantanal prestaram condol\u00eancias aos familiares e lamentaram a morte de Suliana.<\/p>\n\n\n\n<p>Suliana no Centro de Educa\u00e7\u00e3o Ambiental Terra da On\u00e7a-Pintada, na regi\u00e3o de Porto Jofre (MT) \u2014 Foto: Reprodu\u00e7\u00e3o<\/p>\n\n\n\n<h2 class=\"wp-block-heading\">O que fazer em caso de ataques de abelhas?<\/h2>\n\n\n\n<p><strong>Ao encontrar um enxame ou colmeia:<\/strong><\/p>\n\n\n\n<ul>\n<li><strong>N\u00e3o se aproxime:\u00a0<\/strong>mantenha dist\u00e2ncia segura do enxame ou da colmeia.<\/li>\n\n\n\n<li><strong>N\u00e3o tente remover por conta pr\u00f3pria:<\/strong>\u00a0a remo\u00e7\u00e3o inadequada coloca voc\u00ea e outras pessoas em risco.<\/li>\n\n\n\n<li><strong>Chame ajuda especializada:<\/strong>\u00a0acione o Corpo de Bombeiros, a Defesa Civil da sua cidade ou um apicultor profissional para fazer a remo\u00e7\u00e3o segura.<\/li>\n\n\n\n<li><strong>Evite perturba\u00e7\u00f5es:<\/strong>\u00a0n\u00e3o fa\u00e7a barulhos altos, n\u00e3o use m\u00e1quinas como ro\u00e7adeiras perto do local e evite aplicar inseticidas.<\/li>\n<\/ul>\n\n\n\n<p><strong>Para evitar ataques em \u00e1reas de mata ou trilhas:<\/strong><\/p>\n\n\n\n<ul>\n<li><strong>Use roupas claras:\u00a0<\/strong>cores escuras podem atrair as abelhas.<\/li>\n\n\n\n<li><strong>Fique atento aos sinais:\u00a0<\/strong>se abelhas come\u00e7arem a voar de forma agressiva na sua frente, afaste-se lentamente. \u00c9 um sinal de alerta.<\/li>\n<\/ul>\n\n\n\n<p><strong>Durante um ataque:<\/strong><\/p>\n\n\n\n<ul>\n<li><strong>Corra imediatamente:\u00a0<\/strong>afaste-se o mais r\u00e1pido poss\u00edvel do local do ataque.<\/li>\n\n\n\n<li><strong>Corra em zigue-zague<\/strong>: esse movimento ajuda a desorientar as abelhas e dificulta a persegui\u00e7\u00e3o.<\/li>\n\n\n\n<li><strong>Proteja o rosto e o pesco\u00e7o:<\/strong>\u00a0use uma camisa, toalha ou qualquer tecido para cobrir as \u00e1reas mais vulner\u00e1veis.<\/li>\n\n\n\n<li><strong>Procure um abrigo fechado:\u00a0<\/strong>entre em um carro, casa ou qualquer edifica\u00e7\u00e3o para se proteger.<\/li>\n\n\n\n<li><strong>N\u00e3o fa\u00e7a movimentos bruscos:\u00a0<\/strong>tentar bater nas abelhas pode irrit\u00e1-las ainda mais.<\/li>\n\n\n\n<li><strong>N\u00e3o pule na \u00e1gua:<\/strong>\u00a0evite se jogar em rios ou lagos, pois as abelhas podem esperar na superf\u00edcie e h\u00e1 risco de afogamento.<\/li>\n<\/ul>\n\n\n\n<p>g1-MT<\/p>\n","protected":false},"excerpt":{"rendered":"<p>A professora&nbsp;Suliana Aparecida Apoittia, de 42 anos, morreu ap\u00f3s ser&nbsp;atacada por um enxame de abelhas, em uma fazenda pr\u00f3xima \u00e0 rodovia Transpantaneira, no Pantanal mato-grossense, nesse s\u00e1bado (7). O&nbsp;g1&nbsp;entrou em contato com o Corpo de Bombeiros, que informou ter sido acionado por familiares da v\u00edtima. No entanto, quando a equipe chegou ao local, ela j\u00e1 [&hellip;]<\/p>\n","protected":false},"author":2,"featured_media":20816,"comment_status":"closed","ping_status":"closed","sticky":false,"template":"","format":"standard","meta":{"_monsterinsights_skip_tracking":false,"_monsterinsights_sitenote_active":false,"_monsterinsights_sitenote_note":"","_monsterinsights_sitenote_category":0,"footnotes":""},"categories":[1],"tags":[],"_links":{"self":[{"href":"https:\/\/nazarenonews.com.br\/index.php\/wp-json\/wp\/v2\/posts\/20815"}],"collection":[{"href":"https:\/\/nazarenonews.com.br\/index.php\/wp-json\/wp\/v2\/posts"}],"about":[{"href":"https:\/\/nazarenonews.com.br\/index.php\/wp-json\/wp\/v2\/types\/post"}],"author":[{"embeddable":true,"href":"https:\/\/nazarenonews.com.br\/index.php\/wp-json\/wp\/v2\/users\/2"}],"replies":[{"embeddable":true,"href":"https:\/\/nazarenonews.com.br\/index.php\/wp-json\/wp\/v2\/comments?post=20815"}],"version-history":[{"count":2,"href":"https:\/\/nazarenonews.com.br\/index.php\/wp-json\/wp\/v2\/posts\/20815\/revisions"}],"predecessor-version":[{"id":20819,"href":"https:\/\/nazarenonews.com.br\/index.php\/wp-json\/wp\/v2\/posts\/20815\/revisions\/20819"}],"wp:featuredmedia":[{"embeddable":true,"href":"https:\/\/nazarenonews.com.br\/index.php\/wp-json\/wp\/v2\/media\/20816"}],"wp:attachment":[{"href":"https:\/\/nazarenonews.com.br\/index.php\/wp-json\/wp\/v2\/media?parent=20815"}],"wp:term":[{"taxonomy":"category","embeddable":true,"href":"https:\/\/nazarenonews.com.br\/index.php\/wp-json\/wp\/v2\/categories?post=20815"},{"taxonomy":"post_tag","embeddable":true,"href":"https:\/\/nazarenonews.com.br\/index.php\/wp-json\/wp\/v2\/tags?post=20815"}],"curies":[{"name":"wp","href":"https:\/\/api.w.org\/{rel}","templated":true}]}}