{"id":20809,"date":"2026-03-07T09:41:07","date_gmt":"2026-03-07T13:41:07","guid":{"rendered":"https:\/\/nazarenonews.com.br\/?p=20809"},"modified":"2026-03-07T09:41:07","modified_gmt":"2026-03-07T13:41:07","slug":"chuvas-fortes-causam-alagamentos-e-desabamento-de-casa-em-cuiaba","status":"publish","type":"post","link":"https:\/\/nazarenonews.com.br\/index.php\/2026\/03\/07\/chuvas-fortes-causam-alagamentos-e-desabamento-de-casa-em-cuiaba\/","title":{"rendered":"Chuvas fortes causam alagamentos e desabamento de casa em Cuiab\u00e1"},"content":{"rendered":"\n<p>Fortes chuvas atingiram&nbsp;<a class=\"\" href=\"https:\/\/g1.globo.com\/mt\/mato-grosso\/cidade\/cuiaba\/\">Cuiab\u00e1<\/a>&nbsp;na tarde desta sexta-feira (6) e provocaram transtornos na capital, como&nbsp;alagamento de ruas e c\u00f3rregos, al\u00e9m do desabamento de uma casa abandonada.<\/p>\n\n\n\n<p>Durante o temporal, um alerta de chuva intensa foi emitido para algumas regi\u00f5es da capital, orientando a popula\u00e7\u00e3o a evitar \u00e1reas de risco e procurar abrigo seguro&nbsp;em caso de necessidade.<\/p>\n\n\n\n<p>O Corpo de Bombeiros Militar de Mato Grosso atendeu quatro ocorr\u00eancias relacionadas ao temporal, incluindo queda e risco de queda de \u00e1rvores e inunda\u00e7\u00e3o em diferentes bairros da cidade. Apesar dos danos e mobiliza\u00e7\u00e3o das equipes de emerg\u00eancia,&nbsp;ningu\u00e9m ficou ferido.<\/p>\n\n\n\n<h2 class=\"wp-block-heading\">Casa desaba<\/h2>\n\n\n\n<p>Uma casa antiga localizada na&nbsp;<strong>Avenida Fernando Corr\u00eaa da Costa<\/strong>&nbsp;desabou sobre a cal\u00e7ada e parte da via. Segundo a Prefeitura de Cuiab\u00e1, o im\u00f3vel j\u00e1 estava em condi\u00e7\u00f5es prec\u00e1rias. Um v\u00eddeo feito por agentes da Defesa Civil mostra os destro\u00e7os espalhados pelo ch\u00e3o,&nbsp;pr\u00f3ximos a um ponto de \u00f4nibus na avenida&nbsp;<em>(veja v\u00eddeo acima).<\/em><\/p>\n\n\n\n<p>A Defesa Civil esteve no local e confirmou que ningu\u00e9m ficou ferido. A \u00e1rea foi isolada para garantir a seguran\u00e7a e equipes trabalham na retirada dos destro\u00e7os.<\/p>\n\n\n\n<h2 class=\"wp-block-heading\">C\u00f3rrego do Barbado transborda<\/h2>\n\n\n\n<p>C\u00f3rrego do Barbado transborda e deixa carro submerso em avenida de Cuiab\u00e1 \u2014 Foto: Reprodu\u00e7\u00e3o<\/p>\n\n\n\n<p>Na regi\u00e3o do Are\u00e3o, o C\u00f3rrego do Barbado atingiu o limite da calha ap\u00f3s a chuva intensa e acabou transbordando lateralmente.<\/p>\n\n\n\n<p>Segundo a Prefeitura, um ve\u00edculo tentou atravessar o trecho alagado e acabou ficando parcialmente submerso. O motorista foi retirado do local com seguran\u00e7a.<\/p>\n\n\n\n<h2 class=\"wp-block-heading\">Previs\u00e3o de mais chuvas<\/h2>\n\n\n\n<p>Segundo a Defesa Civil Municipal, equipes seguem monitorando diferentes regi\u00f5es da cidade, especialmente \u00e1reas consideradas mais vulner\u00e1veis durante temporais, como os bairros CPA, Parque Cuiab\u00e1 e a regi\u00e3o do Coxip\u00f3.<\/p>\n\n\n\n<p>O munic\u00edpio j\u00e1 vinha sendo alertado para a possibilidade de chuvas volumosas neste in\u00edcio de mar\u00e7o. No come\u00e7o da semana, Cuiab\u00e1 entrou em alerta laranja para chuvas intensas, com previs\u00e3o de precipita\u00e7\u00f5es significativas, al\u00e9m de risco de alagamentos, ventos fortes e queda de galhos.<\/p>\n\n\n\n<p>Desde os temporais registrados nos \u00faltimos dias, equipes municipais mant\u00eam monitoramento cont\u00ednuo de c\u00f3rregos, \u00e1reas de risco e locais historicamente afetados por alagamentos.<\/p>\n\n\n\n<p>De acordo com a Prefeitura de Cuiab\u00e1, tamb\u00e9m est\u00e3o sendo realizadas a\u00e7\u00f5es preventivas, como limpeza de bocas de lobo, retirada de res\u00edduos e desobstru\u00e7\u00e3o de canais de drenagem.<\/p>\n\n\n\n<p>A Defesa Civil alerta para risco de alagamentos pontuais, queda de \u00e1rvores e transtornos no tr\u00e2nsito e orienta a popula\u00e7\u00e3o a redobrar os cuidados durante o per\u00edodo chuvoso.<\/p>\n\n\n\n<p>g1-MT<\/p>\n\n\n\n<p><\/p>\n","protected":false},"excerpt":{"rendered":"<p>Fortes chuvas atingiram&nbsp;Cuiab\u00e1&nbsp;na tarde desta sexta-feira (6) e provocaram transtornos na capital, como&nbsp;alagamento de ruas e c\u00f3rregos, al\u00e9m do desabamento de uma casa abandonada. Durante o temporal, um alerta de chuva intensa foi emitido para algumas regi\u00f5es da capital, orientando a popula\u00e7\u00e3o a evitar \u00e1reas de risco e procurar abrigo seguro&nbsp;em caso de necessidade. O [&hellip;]<\/p>\n","protected":false},"author":2,"featured_media":20810,"comment_status":"closed","ping_status":"closed","sticky":false,"template":"","format":"standard","meta":{"_monsterinsights_skip_tracking":false,"_monsterinsights_sitenote_active":false,"_monsterinsights_sitenote_note":"","_monsterinsights_sitenote_category":0,"footnotes":""},"categories":[36,51,1],"tags":[],"_links":{"self":[{"href":"https:\/\/nazarenonews.com.br\/index.php\/wp-json\/wp\/v2\/posts\/20809"}],"collection":[{"href":"https:\/\/nazarenonews.com.br\/index.php\/wp-json\/wp\/v2\/posts"}],"about":[{"href":"https:\/\/nazarenonews.com.br\/index.php\/wp-json\/wp\/v2\/types\/post"}],"author":[{"embeddable":true,"href":"https:\/\/nazarenonews.com.br\/index.php\/wp-json\/wp\/v2\/users\/2"}],"replies":[{"embeddable":true,"href":"https:\/\/nazarenonews.com.br\/index.php\/wp-json\/wp\/v2\/comments?post=20809"}],"version-history":[{"count":1,"href":"https:\/\/nazarenonews.com.br\/index.php\/wp-json\/wp\/v2\/posts\/20809\/revisions"}],"predecessor-version":[{"id":20811,"href":"https:\/\/nazarenonews.com.br\/index.php\/wp-json\/wp\/v2\/posts\/20809\/revisions\/20811"}],"wp:featuredmedia":[{"embeddable":true,"href":"https:\/\/nazarenonews.com.br\/index.php\/wp-json\/wp\/v2\/media\/20810"}],"wp:attachment":[{"href":"https:\/\/nazarenonews.com.br\/index.php\/wp-json\/wp\/v2\/media?parent=20809"}],"wp:term":[{"taxonomy":"category","embeddable":true,"href":"https:\/\/nazarenonews.com.br\/index.php\/wp-json\/wp\/v2\/categories?post=20809"},{"taxonomy":"post_tag","embeddable":true,"href":"https:\/\/nazarenonews.com.br\/index.php\/wp-json\/wp\/v2\/tags?post=20809"}],"curies":[{"name":"wp","href":"https:\/\/api.w.org\/{rel}","templated":true}]}}