{"id":20806,"date":"2026-03-07T09:38:36","date_gmt":"2026-03-07T13:38:36","guid":{"rendered":"https:\/\/nazarenonews.com.br\/?p=20806"},"modified":"2026-03-07T09:38:36","modified_gmt":"2026-03-07T13:38:36","slug":"agencia-reguladora-aprova-aumento-de-416-na-conta-de-agua-e-esgoto-em-cuiaba","status":"publish","type":"post","link":"https:\/\/nazarenonews.com.br\/index.php\/2026\/03\/07\/agencia-reguladora-aprova-aumento-de-416-na-conta-de-agua-e-esgoto-em-cuiaba\/","title":{"rendered":"Ag\u00eancia reguladora aprova aumento de 4,16% na conta de \u00e1gua e esgoto em Cuiab\u00e1"},"content":{"rendered":"\n<p>A Ag\u00eancia de Fiscaliza\u00e7\u00e3o e Regula\u00e7\u00e3o dos Servi\u00e7os P\u00fablicos, chamada agora de&nbsp;<a class=\"\" href=\"https:\/\/g1.globo.com\/mt\/mato-grosso\/cidade\/cuiaba\/\">Cuiab\u00e1<\/a>&nbsp;Regula, aprovou um&nbsp;<strong>aumento de 4,16% na conta de \u00e1gua e esgot<\/strong>o, que passa a entrar em vigor no&nbsp;<strong>dia 21 de mar\u00e7o<\/strong>.&nbsp;<strong>Esse reajuste \u00e9 contestado pela prefeitura.<\/strong><\/p>\n\n\n\n<p>J\u00e1 a concession\u00e1ria respons\u00e1vel, \u00c1guas Cuiab\u00e1, informou que o reajuste segue a f\u00f3rmula tarif\u00e1ria prevista em contrato e que os recursos s\u00e3o usados para manter os investimentos no sistema.<a href=\"https:\/\/globoplay.globo.com\/categorias\/lollapalooza\/?origemId=1779&amp;utm_source=g1&amp;utm_medium=tapume&amp;utm_campaign=aq-org_g1_conteudo_up_perf_banner_web_tier2_live_lolla-24&amp;utm_content=banner&amp;utm_term=tapume-g1-assista\"><\/a><\/p>\n\n\n\n<p>Veja os v\u00eddeos que est\u00e3o em alta no g1<\/p>\n\n\n\n<p>Al\u00e9m disso, a ag\u00eancia defendeu a medida e destacou que uma lei federal de saneamento permite reajuste a cada 12 meses.<\/p>\n\n\n\n<p>A ag\u00eancia ainda disse que o c\u00e1lculo apresentado pela empresa est\u00e1 correto e o aumento de 4,16% foi homologado. Com isso, quem paga em m\u00e9dia R$ 100 vai ter que desembolar pouco mais de R$ 104.<\/p>\n\n\n\n<p>O problema \u00e9 que o reajuste chega em um momento de press\u00e3o no or\u00e7amento das fam\u00edlias. Mesmo sendo considerado um aumento contratual, a popula\u00e7\u00e3o deve sentir o peso do impacto.<\/p>\n\n\n\n<p>Esse debate reacendeu uma discuss\u00e3o que vai al\u00e9m do valor da tarifa. De um lado, a ag\u00eancia reguladora afirma que o reajuste \u00e9 uma obriga\u00e7\u00e3o prevista em contrato. De outro, a prefeitura sinaliza que pode tentar barrar a medida, o que abre um debate sobre os limites da regula\u00e7\u00e3o e do pr\u00f3prio contrato de concess\u00e3o de saneamento na capital.<\/p>\n\n\n\n<p>Caso a prefeitura decisa questionar o reajuste, a discuss\u00e3o pode ir para a esfera administrativa ou at\u00e9 parar na Justi\u00e7a. Enquanto isso, a nova tarifa segue prevista para entrar em vigor, impactando diretamente a conta de \u00e1gua.<\/p>\n\n\n\n<p>g1-MT<\/p>\n","protected":false},"excerpt":{"rendered":"<p>A Ag\u00eancia de Fiscaliza\u00e7\u00e3o e Regula\u00e7\u00e3o dos Servi\u00e7os P\u00fablicos, chamada agora de&nbsp;Cuiab\u00e1&nbsp;Regula, aprovou um&nbsp;aumento de 4,16% na conta de \u00e1gua e esgoto, que passa a entrar em vigor no&nbsp;dia 21 de mar\u00e7o.&nbsp;Esse reajuste \u00e9 contestado pela prefeitura. J\u00e1 a concession\u00e1ria respons\u00e1vel, \u00c1guas Cuiab\u00e1, informou que o reajuste segue a f\u00f3rmula tarif\u00e1ria prevista em contrato e [&hellip;]<\/p>\n","protected":false},"author":2,"featured_media":20807,"comment_status":"closed","ping_status":"closed","sticky":false,"template":"","format":"standard","meta":{"_monsterinsights_skip_tracking":false,"_monsterinsights_sitenote_active":false,"_monsterinsights_sitenote_note":"","_monsterinsights_sitenote_category":0,"footnotes":""},"categories":[1],"tags":[],"_links":{"self":[{"href":"https:\/\/nazarenonews.com.br\/index.php\/wp-json\/wp\/v2\/posts\/20806"}],"collection":[{"href":"https:\/\/nazarenonews.com.br\/index.php\/wp-json\/wp\/v2\/posts"}],"about":[{"href":"https:\/\/nazarenonews.com.br\/index.php\/wp-json\/wp\/v2\/types\/post"}],"author":[{"embeddable":true,"href":"https:\/\/nazarenonews.com.br\/index.php\/wp-json\/wp\/v2\/users\/2"}],"replies":[{"embeddable":true,"href":"https:\/\/nazarenonews.com.br\/index.php\/wp-json\/wp\/v2\/comments?post=20806"}],"version-history":[{"count":1,"href":"https:\/\/nazarenonews.com.br\/index.php\/wp-json\/wp\/v2\/posts\/20806\/revisions"}],"predecessor-version":[{"id":20808,"href":"https:\/\/nazarenonews.com.br\/index.php\/wp-json\/wp\/v2\/posts\/20806\/revisions\/20808"}],"wp:featuredmedia":[{"embeddable":true,"href":"https:\/\/nazarenonews.com.br\/index.php\/wp-json\/wp\/v2\/media\/20807"}],"wp:attachment":[{"href":"https:\/\/nazarenonews.com.br\/index.php\/wp-json\/wp\/v2\/media?parent=20806"}],"wp:term":[{"taxonomy":"category","embeddable":true,"href":"https:\/\/nazarenonews.com.br\/index.php\/wp-json\/wp\/v2\/categories?post=20806"},{"taxonomy":"post_tag","embeddable":true,"href":"https:\/\/nazarenonews.com.br\/index.php\/wp-json\/wp\/v2\/tags?post=20806"}],"curies":[{"name":"wp","href":"https:\/\/api.w.org\/{rel}","templated":true}]}}