{"id":20803,"date":"2026-03-07T09:36:27","date_gmt":"2026-03-07T13:36:27","guid":{"rendered":"https:\/\/nazarenonews.com.br\/?p=20803"},"modified":"2026-03-07T09:36:28","modified_gmt":"2026-03-07T13:36:28","slug":"mutirao-de-saude-da-mulher-oferece-preventivo-vacina-contra-hpv-e-exames-em-cuiaba-neste-sabado-7","status":"publish","type":"post","link":"https:\/\/nazarenonews.com.br\/index.php\/2026\/03\/07\/mutirao-de-saude-da-mulher-oferece-preventivo-vacina-contra-hpv-e-exames-em-cuiaba-neste-sabado-7\/","title":{"rendered":"Mutir\u00e3o de sa\u00fade da mulher oferece preventivo, vacina contra HPV e exames em Cuiab\u00e1 neste s\u00e1bado (7)"},"content":{"rendered":"\n<p>Um mutir\u00e3o de&nbsp;atendimentos voltados \u00e0 sa\u00fade da mulher&nbsp;vai acontecer em Cuiab\u00e1 neste s\u00e1bado (7). A a\u00e7\u00e3o \u00e9 organizada pela Secretaria Municipal de Sa\u00fade de Cuiab\u00e1 (SMS) e vai funcionar em&nbsp;todas as 70 Unidades de Sa\u00fade da Fam\u00edlia (USFs) da capital.<\/p>\n\n\n\n<p>Os atendimentos ser\u00e3o realizados das 8h \u00e0s 17h.&nbsp;O objetivo \u00e9 ampliar o acesso das mulheres aos servi\u00e7os da Aten\u00e7\u00e3o Prim\u00e1ria \u00e0 Sa\u00fade e refor\u00e7ar a\u00e7\u00f5es de preven\u00e7\u00e3o e promo\u00e7\u00e3o da sa\u00fade.<\/p>\n\n\n\n<p>A a\u00e7\u00e3o da prefeitura faz parte da campanha Mar\u00e7o Lil\u00e1s, dedicada \u00e0 preven\u00e7\u00e3o e ao diagn\u00f3stico precoce do c\u00e2ncer do colo do \u00fatero.<\/p>\n\n\n\n<p>Um mutir\u00e3o de&nbsp;atendimentos voltados \u00e0 sa\u00fade da mulher&nbsp;vai acontecer em Cuiab\u00e1 neste s\u00e1bado (7). A a\u00e7\u00e3o \u00e9 organizada pela Secretaria Municipal de Sa\u00fade de Cuiab\u00e1 (SMS) e vai funcionar em&nbsp;todas as 70 Unidades de Sa\u00fade da Fam\u00edlia (USFs) da capital.<\/p>\n\n\n\n<p>Os atendimentos ser\u00e3o realizados das 8h \u00e0s 17h.&nbsp;O objetivo \u00e9 ampliar o acesso das mulheres aos servi\u00e7os da Aten\u00e7\u00e3o Prim\u00e1ria \u00e0 Sa\u00fade e refor\u00e7ar a\u00e7\u00f5es de preven\u00e7\u00e3o e promo\u00e7\u00e3o da sa\u00fade.<\/p>\n\n\n\n<p>A a\u00e7\u00e3o da prefeitura faz parte da campanha Mar\u00e7o Lil\u00e1s, dedicada \u00e0 preven\u00e7\u00e3o e ao diagn\u00f3stico precoce do c\u00e2ncer do colo do \u00fatero.<\/p>\n\n\n\n<p>Durante o mutir\u00e3o, as equipes v\u00e3o oferecer:<\/p>\n\n\n\n<ul>\n<li>Coleta do exame preventivo do colo do \u00fatero;<\/li>\n\n\n\n<li>Consultas voltadas \u00e0 sa\u00fade da mulher e avalia\u00e7\u00e3o;<\/li>\n\n\n\n<li>Atualiza\u00e7\u00e3o da carteira de vacina\u00e7\u00e3o;<\/li>\n\n\n\n<li>Vacina contra o HPV;<\/li>\n\n\n\n<li>Oferta de m\u00e9todos contraceptivo;<\/li>\n\n\n\n<li>Testes r\u00e1pidos para infec\u00e7\u00f5es sexualmente transmiss\u00edveis (ISTs);<\/li>\n\n\n\n<li>Encaminhamentos para outros servi\u00e7os da rede municipal de sa\u00fade;<\/li>\n\n\n\n<li>Implante anticoncepcional;<\/li>\n<\/ul>\n\n\n\n<p>A secretaria orienta que todas as mulheres podem procurar a Unidade de Sa\u00fade da Fam\u00edlia mais pr\u00f3xima de casa para participar do mutir\u00e3o e receber atendimento.<\/p>\n\n\n\n<h2 class=\"wp-block-heading\">Outras a\u00e7\u00f5es no m\u00eas de mar\u00e7o<\/h2>\n\n\n\n<p>Al\u00e9m dos atendimentos cl\u00ednicos, as equipes v\u00e3o promover atividades de educa\u00e7\u00e3o em sa\u00fade que poder\u00e3o ocorrer em salas de espera e grupos educativos dentro das unidades, como:<\/p>\n\n\n\n<ul>\n<li>Orienta\u00e7\u00f5es sobre preven\u00e7\u00e3o do c\u00e2ncer do colo do \u00fatero;<\/li>\n\n\n\n<li>Vacina\u00e7\u00e3o;<\/li>\n\n\n\n<li>Planejamento reprodutivo;<\/li>\n\n\n\n<li>Preven\u00e7\u00e3o de ISTs;<\/li>\n\n\n\n<li>Pr\u00e1ticas de autocuidado;<\/li>\n<\/ul>\n\n\n\n<p>Durante todo o m\u00eas de mar\u00e7o, as unidades de sa\u00fade tamb\u00e9m v\u00e3o intensificar a busca ativa de adolescentes, mulheres adultas e idosas, com o objetivo de&nbsp;ampliar a cobertura do exame preventivo, atualizar a vacina\u00e7\u00e3o e facilitar o acesso aos m\u00e9todos contraceptivos oferecidos pela rede p\u00fablica.<\/p>\n\n\n\n<p>Segundo a Secretaria Municipal de Sa\u00fade, a mobiliza\u00e7\u00e3o busca ampliar o acesso das mulheres aos servi\u00e7os preventivos, fortalecer o cuidado na aten\u00e7\u00e3o prim\u00e1ria e\u00a0incentivar o diagn\u00f3stico precoce de doen\u00e7as, que t\u00eam mais chances de tratamento quando identificadas nas fases iniciais.<\/p>\n\n\n\n<p>g1-MT<\/p>\n","protected":false},"excerpt":{"rendered":"<p>Um mutir\u00e3o de&nbsp;atendimentos voltados \u00e0 sa\u00fade da mulher&nbsp;vai acontecer em Cuiab\u00e1 neste s\u00e1bado (7). A a\u00e7\u00e3o \u00e9 organizada pela Secretaria Municipal de Sa\u00fade de Cuiab\u00e1 (SMS) e vai funcionar em&nbsp;todas as 70 Unidades de Sa\u00fade da Fam\u00edlia (USFs) da capital. Os atendimentos ser\u00e3o realizados das 8h \u00e0s 17h.&nbsp;O objetivo \u00e9 ampliar o acesso das mulheres [&hellip;]<\/p>\n","protected":false},"author":2,"featured_media":20804,"comment_status":"closed","ping_status":"closed","sticky":false,"template":"","format":"standard","meta":{"_monsterinsights_skip_tracking":false,"_monsterinsights_sitenote_active":false,"_monsterinsights_sitenote_note":"","_monsterinsights_sitenote_category":0,"footnotes":""},"categories":[1,48],"tags":[],"_links":{"self":[{"href":"https:\/\/nazarenonews.com.br\/index.php\/wp-json\/wp\/v2\/posts\/20803"}],"collection":[{"href":"https:\/\/nazarenonews.com.br\/index.php\/wp-json\/wp\/v2\/posts"}],"about":[{"href":"https:\/\/nazarenonews.com.br\/index.php\/wp-json\/wp\/v2\/types\/post"}],"author":[{"embeddable":true,"href":"https:\/\/nazarenonews.com.br\/index.php\/wp-json\/wp\/v2\/users\/2"}],"replies":[{"embeddable":true,"href":"https:\/\/nazarenonews.com.br\/index.php\/wp-json\/wp\/v2\/comments?post=20803"}],"version-history":[{"count":1,"href":"https:\/\/nazarenonews.com.br\/index.php\/wp-json\/wp\/v2\/posts\/20803\/revisions"}],"predecessor-version":[{"id":20805,"href":"https:\/\/nazarenonews.com.br\/index.php\/wp-json\/wp\/v2\/posts\/20803\/revisions\/20805"}],"wp:featuredmedia":[{"embeddable":true,"href":"https:\/\/nazarenonews.com.br\/index.php\/wp-json\/wp\/v2\/media\/20804"}],"wp:attachment":[{"href":"https:\/\/nazarenonews.com.br\/index.php\/wp-json\/wp\/v2\/media?parent=20803"}],"wp:term":[{"taxonomy":"category","embeddable":true,"href":"https:\/\/nazarenonews.com.br\/index.php\/wp-json\/wp\/v2\/categories?post=20803"},{"taxonomy":"post_tag","embeddable":true,"href":"https:\/\/nazarenonews.com.br\/index.php\/wp-json\/wp\/v2\/tags?post=20803"}],"curies":[{"name":"wp","href":"https:\/\/api.w.org\/{rel}","templated":true}]}}