{"id":20800,"date":"2026-03-07T09:34:01","date_gmt":"2026-03-07T13:34:01","guid":{"rendered":"https:\/\/nazarenonews.com.br\/?p=20800"},"modified":"2026-03-07T09:34:02","modified_gmt":"2026-03-07T13:34:02","slug":"entenda-como-12-detentos-escaparam-de-cadeia-em-mato-grosso","status":"publish","type":"post","link":"https:\/\/nazarenonews.com.br\/index.php\/2026\/03\/07\/entenda-como-12-detentos-escaparam-de-cadeia-em-mato-grosso\/","title":{"rendered":"Entenda como 12 detentos escaparam de cadeia em Mato Grosso"},"content":{"rendered":"\n<p><a class=\"\" href=\"https:\/\/g1.globo.com\/mt\/mato-grosso\/noticia\/2026\/03\/06\/video-12-presos-correm-pelas-ruas-apos-fuga-em-cadeia-de-mt.ghtml\">Dois detentos seguem foragidos desde sexta-feira (6) ap\u00f3s 12 deles fugirem da cadeia de<\/a>&nbsp;<a class=\"\" href=\"https:\/\/g1.globo.com\/mt\/mato-grosso\/cidade\/campo-novo-do-parecis\/\">Campo Novo do Parecis<\/a>&nbsp;(MT). Imagens das c\u00e2meras de seguran\u00e7a flagraram o momento em que o grupo passa correndo pelas ruas da cidade.<\/p>\n\n\n\n<p>A Corregedoria abriu investiga\u00e7\u00e3o sobre a circunst\u00e2ncia da fuga.<\/p>\n\n\n\n<p>Ao<strong>&nbsp;<\/strong><a class=\"\" href=\"https:\/\/g1.globo.com\/mt\/mato-grosso\/\"><strong>g1<\/strong><\/a>, a Secretaria Estadual de Justi\u00e7a informou que enviou refor\u00e7os de equipes especializadas do sistema penitenci\u00e1rio para a continuidade das buscas, que atuam em conjunto com as pol\u00edcias Civil e Militar.<\/p>\n\n\n\n<p>Por volta de 9h, os presos foram vistos fugindo pela rua, conforme mostram as imagens.<\/p>\n\n\n\n<p>Segundo um PM, eles conseguiram escapar usando&nbsp;<strong>uma chave de lixa no cadeado da grade.<\/strong><\/p>\n\n\n\n<p>Eles aproveitaram para fugir no momento em que o refor\u00e7o policial foi deslocado para o f\u00f3rum durante uma audi\u00eancia.<\/p>\n\n\n\n<p>&#8220;Eles for\u00e7aram o cadeado com a lixa, e foram tentando at\u00e9 abrir, depois acessaram uma \u00e1rea da pol\u00edcia penal que n\u00e3o havia ningu\u00e9m e pularam o muro at\u00e9 uma marcenaria, e fugiram pela rua&#8221;, contou.<\/p>\n\n\n\n<p>A pol\u00edcia trabalha nas buscas para recapturar os dois \u00faltimos que ainda est\u00e3o foragidos.<\/p>\n\n\n\n<p><strong>Veja lista dos detentos:<\/strong><\/p>\n\n\n\n<ul>\n<li><strong>Lieverton Ailton (foragido)<\/strong><\/li>\n\n\n\n<li><strong>Maicon Alves (foragido)<\/strong><\/li>\n\n\n\n<li>Ruderjan Beton<\/li>\n\n\n\n<li>Danilo dos Santos<\/li>\n\n\n\n<li>Kau\u00e3 Henrique<\/li>\n\n\n\n<li>Jo\u00e3o Vitor<\/li>\n\n\n\n<li>Marcelo Paulino<\/li>\n<\/ul>\n\n\n\n<p>Rep\u00f3rter MT<\/p>\n","protected":false},"excerpt":{"rendered":"<p>Dois detentos seguem foragidos desde sexta-feira (6) ap\u00f3s 12 deles fugirem da cadeia de&nbsp;Campo Novo do Parecis&nbsp;(MT). Imagens das c\u00e2meras de seguran\u00e7a flagraram o momento em que o grupo passa correndo pelas ruas da cidade. A Corregedoria abriu investiga\u00e7\u00e3o sobre a circunst\u00e2ncia da fuga. Ao&nbsp;g1, a Secretaria Estadual de Justi\u00e7a informou que enviou refor\u00e7os de [&hellip;]<\/p>\n","protected":false},"author":2,"featured_media":20801,"comment_status":"closed","ping_status":"closed","sticky":false,"template":"","format":"standard","meta":{"_monsterinsights_skip_tracking":false,"_monsterinsights_sitenote_active":false,"_monsterinsights_sitenote_note":"","_monsterinsights_sitenote_category":0,"footnotes":""},"categories":[1],"tags":[],"_links":{"self":[{"href":"https:\/\/nazarenonews.com.br\/index.php\/wp-json\/wp\/v2\/posts\/20800"}],"collection":[{"href":"https:\/\/nazarenonews.com.br\/index.php\/wp-json\/wp\/v2\/posts"}],"about":[{"href":"https:\/\/nazarenonews.com.br\/index.php\/wp-json\/wp\/v2\/types\/post"}],"author":[{"embeddable":true,"href":"https:\/\/nazarenonews.com.br\/index.php\/wp-json\/wp\/v2\/users\/2"}],"replies":[{"embeddable":true,"href":"https:\/\/nazarenonews.com.br\/index.php\/wp-json\/wp\/v2\/comments?post=20800"}],"version-history":[{"count":1,"href":"https:\/\/nazarenonews.com.br\/index.php\/wp-json\/wp\/v2\/posts\/20800\/revisions"}],"predecessor-version":[{"id":20802,"href":"https:\/\/nazarenonews.com.br\/index.php\/wp-json\/wp\/v2\/posts\/20800\/revisions\/20802"}],"wp:featuredmedia":[{"embeddable":true,"href":"https:\/\/nazarenonews.com.br\/index.php\/wp-json\/wp\/v2\/media\/20801"}],"wp:attachment":[{"href":"https:\/\/nazarenonews.com.br\/index.php\/wp-json\/wp\/v2\/media?parent=20800"}],"wp:term":[{"taxonomy":"category","embeddable":true,"href":"https:\/\/nazarenonews.com.br\/index.php\/wp-json\/wp\/v2\/categories?post=20800"},{"taxonomy":"post_tag","embeddable":true,"href":"https:\/\/nazarenonews.com.br\/index.php\/wp-json\/wp\/v2\/tags?post=20800"}],"curies":[{"name":"wp","href":"https:\/\/api.w.org\/{rel}","templated":true}]}}