{"id":20791,"date":"2026-03-06T17:52:52","date_gmt":"2026-03-06T21:52:52","guid":{"rendered":"https:\/\/nazarenonews.com.br\/?p=20791"},"modified":"2026-03-06T17:52:53","modified_gmt":"2026-03-06T21:52:53","slug":"temporal-alaga-principais-avenidas-e-trava-o-transito-em-cuiaba","status":"publish","type":"post","link":"https:\/\/nazarenonews.com.br\/index.php\/2026\/03\/06\/temporal-alaga-principais-avenidas-e-trava-o-transito-em-cuiaba\/","title":{"rendered":"Temporal alaga principais avenidas e trava o tr\u00e2nsito em Cuiab\u00e1"},"content":{"rendered":"\n<p>A forte chuva que atingiu Cuiab\u00e1 hoje (06) voltou a causar pontos de alagamento e transtornos em vias estrat\u00e9gicas da Capital. Imagens registradas por motoristas mostram que o grande volume de \u00e1gua dificultou a passagem de ve\u00edculos e pedestres em diversos setores.<\/p>\n\n\n\n<p>Entre os pontos mais cr\u00edticos est\u00e3o as avenidas General Mello e Fernando Corr\u00eaa da Costa, onde o volume de \u00e1gua subiu rapidamente. Na Avenida Historiador Rubens de Mendon\u00e7a (Av. do CPA), uma das principais art\u00e9rias da cidade, motoristas precisaram redobrar a aten\u00e7\u00e3o devido \u00e0 baixa visibilidade e \u00e0 pista alagada.<\/p>\n\n\n\n<p>A Defesa Civil Municipal orientou que a popula\u00e7\u00e3o evite \u00e1reas de risco e n\u00e3o tente atravessar trechos inundados. At\u00e9 o fechamento desta mat\u00e9ria, o Corpo de Bombeiros n\u00e3o havia sido acionado para resgates ou ocorr\u00eancias de maior gravidade relacionadas ao temporal.<\/p>\n\n\n\n<p><strong>Previs\u00e3o<\/strong><\/p>\n\n\n\n<p>Cuiab\u00e1 segue sob alertas &#8220;laranja&#8221; e &#8220;amarelo&#8221;, que indicam a possibilidade de chuvas de at\u00e9 100 mil\u00edmetros por dia e ventos intensos, que podem atingir 100 km\/h. H\u00e1 risco de queda de galhos, descargas el\u00e9tricas e novos cortes de energia.<\/p>\n\n\n\n<p>Em Cuiab\u00e1, os term\u00f4metros devem atingir os 33\u00b0C nesta sexta-feira, com m\u00ednima de 24\u00b0C prevista para o fim de semana. O cen\u00e1rio de muitas nuvens e pancadas de chuva isoladas deve se repetir at\u00e9 domingo (08). J\u00e1 em Chapada dos Guimar\u00e3es (67 km da Capital), o c\u00e9u permanece nublado com ventos fracos e temperaturas variando entre 21\u00b0C e 32\u00b0C. Confira as orienta\u00e7\u00f5es da Defesa Civil pelo telefone 199.<\/p>\n\n\n\n<p>Rep\u00f3rter MT<\/p>\n","protected":false},"excerpt":{"rendered":"<p>A forte chuva que atingiu Cuiab\u00e1 hoje (06) voltou a causar pontos de alagamento e transtornos em vias estrat\u00e9gicas da Capital. Imagens registradas por motoristas mostram que o grande volume de \u00e1gua dificultou a passagem de ve\u00edculos e pedestres em diversos setores. Entre os pontos mais cr\u00edticos est\u00e3o as avenidas General Mello e Fernando Corr\u00eaa [&hellip;]<\/p>\n","protected":false},"author":2,"featured_media":20792,"comment_status":"closed","ping_status":"closed","sticky":false,"template":"","format":"standard","meta":{"_monsterinsights_skip_tracking":false,"_monsterinsights_sitenote_active":false,"_monsterinsights_sitenote_note":"","_monsterinsights_sitenote_category":0,"footnotes":""},"categories":[1],"tags":[],"_links":{"self":[{"href":"https:\/\/nazarenonews.com.br\/index.php\/wp-json\/wp\/v2\/posts\/20791"}],"collection":[{"href":"https:\/\/nazarenonews.com.br\/index.php\/wp-json\/wp\/v2\/posts"}],"about":[{"href":"https:\/\/nazarenonews.com.br\/index.php\/wp-json\/wp\/v2\/types\/post"}],"author":[{"embeddable":true,"href":"https:\/\/nazarenonews.com.br\/index.php\/wp-json\/wp\/v2\/users\/2"}],"replies":[{"embeddable":true,"href":"https:\/\/nazarenonews.com.br\/index.php\/wp-json\/wp\/v2\/comments?post=20791"}],"version-history":[{"count":1,"href":"https:\/\/nazarenonews.com.br\/index.php\/wp-json\/wp\/v2\/posts\/20791\/revisions"}],"predecessor-version":[{"id":20793,"href":"https:\/\/nazarenonews.com.br\/index.php\/wp-json\/wp\/v2\/posts\/20791\/revisions\/20793"}],"wp:featuredmedia":[{"embeddable":true,"href":"https:\/\/nazarenonews.com.br\/index.php\/wp-json\/wp\/v2\/media\/20792"}],"wp:attachment":[{"href":"https:\/\/nazarenonews.com.br\/index.php\/wp-json\/wp\/v2\/media?parent=20791"}],"wp:term":[{"taxonomy":"category","embeddable":true,"href":"https:\/\/nazarenonews.com.br\/index.php\/wp-json\/wp\/v2\/categories?post=20791"},{"taxonomy":"post_tag","embeddable":true,"href":"https:\/\/nazarenonews.com.br\/index.php\/wp-json\/wp\/v2\/tags?post=20791"}],"curies":[{"name":"wp","href":"https:\/\/api.w.org\/{rel}","templated":true}]}}