{"id":20776,"date":"2026-03-06T06:57:55","date_gmt":"2026-03-06T10:57:55","guid":{"rendered":"https:\/\/nazarenonews.com.br\/?p=20776"},"modified":"2026-03-06T10:25:52","modified_gmt":"2026-03-06T14:25:52","slug":"droga-e-encontrada-escondida-em-chinelo-de-reeducando-na-pce-em-cuiaba","status":"publish","type":"post","link":"https:\/\/nazarenonews.com.br\/index.php\/2026\/03\/06\/droga-e-encontrada-escondida-em-chinelo-de-reeducando-na-pce-em-cuiaba\/","title":{"rendered":"Droga \u00e9 encontrada escondida em chinelo de reeducando na PCE em Cuiab\u00e1"},"content":{"rendered":"\n<p>Na tarde desta quinta-feira (5), um reeducando da&nbsp;Penitenci\u00e1ria Central do Estado, em Cuiab\u00e1,&nbsp;foi flagrado com entorpecente escondido dentro do chinelo durante revista de rotina realizada por policiais penais no retorno das atividades do programa de trabalho extramuros.<\/p>\n\n\n\n<p>Segundo informa\u00e7\u00f5es apuradas, o detento atua em servi\u00e7os realizados em uma empresa pr\u00f3xima \u00e0 base do&nbsp;Servi\u00e7o de Opera\u00e7\u00f5es Especiais&nbsp;(SOI), \u00e1rea anexa \u00e0 penitenci\u00e1ria. Ao retornar \u00e0 unidade, os detentos passam por revista de rotina feita por policiais penais. Foi durante esse procedimento que um servidor desconfiou de um dos chinelos utilizados pelo reeducando. Ap\u00f3s uma verifica\u00e7\u00e3o mais detalhada, os agentes localizaram por\u00e7\u00f5es de subst\u00e2ncia an\u00e1loga a entorpecente escondidas no interior do cal\u00e7ado.<\/p>\n\n\n\n<p>A suspeita \u00e9 de que o material tenha sido introduzido de forma clandestina para entrar na PCE, uma pr\u00e1tica que j\u00e1 havia sido registrada anteriormente em tentativas de entrada de celulares, drogas e outros objetos proibidos por meio de estrat\u00e9gias improvisadas.<\/p>\n\n\n\n<p>Ap\u00f3s a apreens\u00e3o, o material foi recolhido e o detento foi encaminhado para os procedimentos administrativos internos. A ocorr\u00eancia tamb\u00e9m pode resultar na abertura de investiga\u00e7\u00e3o disciplinar no sistema penitenci\u00e1rio.<\/p>\n\n\n\n<p>As autoridades ainda avaliam se houve participa\u00e7\u00e3o de terceiros na tentativa de enviar a droga para dentro da penitenci\u00e1ria.<\/p>\n\n\n\n<p>A\u00e7\u00f5es como essa se somam a outros casos recentes de revistas e apreens\u00f5es de materiais il\u00edcitos em unidades prisionais do Estado, refor\u00e7ando a rotina de fiscaliza\u00e7\u00e3o para impedir a entrada de entorpecentes, celulares e objetos proibidos nas unidades.<\/p>\n\n\n\n<p>folhadoestado<\/p>\n","protected":false},"excerpt":{"rendered":"<p>Na tarde desta quinta-feira (5), um reeducando da&nbsp;Penitenci\u00e1ria Central do Estado, em Cuiab\u00e1,&nbsp;foi flagrado com entorpecente escondido dentro do chinelo durante revista de rotina realizada por policiais penais no retorno das atividades do programa de trabalho extramuros. Segundo informa\u00e7\u00f5es apuradas, o detento atua em servi\u00e7os realizados em uma empresa pr\u00f3xima \u00e0 base do&nbsp;Servi\u00e7o de Opera\u00e7\u00f5es [&hellip;]<\/p>\n","protected":false},"author":2,"featured_media":20785,"comment_status":"closed","ping_status":"closed","sticky":false,"template":"","format":"standard","meta":{"_monsterinsights_skip_tracking":false,"_monsterinsights_sitenote_active":false,"_monsterinsights_sitenote_note":"","_monsterinsights_sitenote_category":0,"footnotes":""},"categories":[51,1],"tags":[],"_links":{"self":[{"href":"https:\/\/nazarenonews.com.br\/index.php\/wp-json\/wp\/v2\/posts\/20776"}],"collection":[{"href":"https:\/\/nazarenonews.com.br\/index.php\/wp-json\/wp\/v2\/posts"}],"about":[{"href":"https:\/\/nazarenonews.com.br\/index.php\/wp-json\/wp\/v2\/types\/post"}],"author":[{"embeddable":true,"href":"https:\/\/nazarenonews.com.br\/index.php\/wp-json\/wp\/v2\/users\/2"}],"replies":[{"embeddable":true,"href":"https:\/\/nazarenonews.com.br\/index.php\/wp-json\/wp\/v2\/comments?post=20776"}],"version-history":[{"count":1,"href":"https:\/\/nazarenonews.com.br\/index.php\/wp-json\/wp\/v2\/posts\/20776\/revisions"}],"predecessor-version":[{"id":20778,"href":"https:\/\/nazarenonews.com.br\/index.php\/wp-json\/wp\/v2\/posts\/20776\/revisions\/20778"}],"wp:featuredmedia":[{"embeddable":true,"href":"https:\/\/nazarenonews.com.br\/index.php\/wp-json\/wp\/v2\/media\/20785"}],"wp:attachment":[{"href":"https:\/\/nazarenonews.com.br\/index.php\/wp-json\/wp\/v2\/media?parent=20776"}],"wp:term":[{"taxonomy":"category","embeddable":true,"href":"https:\/\/nazarenonews.com.br\/index.php\/wp-json\/wp\/v2\/categories?post=20776"},{"taxonomy":"post_tag","embeddable":true,"href":"https:\/\/nazarenonews.com.br\/index.php\/wp-json\/wp\/v2\/tags?post=20776"}],"curies":[{"name":"wp","href":"https:\/\/api.w.org\/{rel}","templated":true}]}}