{"id":20773,"date":"2026-03-06T06:56:00","date_gmt":"2026-03-06T10:56:00","guid":{"rendered":"https:\/\/nazarenonews.com.br\/?p=20773"},"modified":"2026-03-06T10:28:16","modified_gmt":"2026-03-06T14:28:16","slug":"nao-estou-nem-ai-para-o-politicamente-correto-afirma-prefeito","status":"publish","type":"post","link":"https:\/\/nazarenonews.com.br\/index.php\/2026\/03\/06\/nao-estou-nem-ai-para-o-politicamente-correto-afirma-prefeito\/","title":{"rendered":"&#8216;N\u00e3o estou nem a\u00ed para o politicamente correto&#8217;, afirma prefeito"},"content":{"rendered":"\n<p>O prefeito Abilio Brunini afirmou, nesta quinta-feira (5), n\u00e3o estar preocupado com o &#8220;politicamente correto&#8221;, ap\u00f3s repercuss\u00e3o de sua fala sobre &#8220;n\u00e3o estar se lixando&#8221; para a parcela dos cuiabanos que se identificam com a esquerda. O discurso pol\u00eamico ocorreu durante o ato &#8220;Acorda Brasil&#8221;, no domingo (1\u00ba).<\/p>\n\n\n\n<p>&#8220;N\u00e3o tenho interesse de fazer a opini\u00e3o da esquerda gostar de mim, n\u00e3o estou nem a\u00ed com o politicamente correto&#8221;, disse o prefeito durante entrevista para apresentar o secret\u00e1rio-adjunto de Governo,&nbsp;Newton Hidenori, o &#8220;Japon\u00eas da Federal&#8221;.<\/p>\n\n\n\n<p>Apesar de categ\u00f3rico em garantir sua despreocupa\u00e7\u00e3o com quem n\u00e3o o apoia, Abilio baixou o tom, justificando que, embora n\u00e3o queira &#8220;agradar todo mundo&#8221;, o trabalho \u00e9 feito pensando em toda a popula\u00e7\u00e3o.<\/p>\n\n\n\n<p>&#8220;N\u00e3o tenho o interesse de agradar todo mundo, mas eu trabalho para todo mundo&#8221;, assegurou.<\/p>\n\n\n\n<p>Para exemplificar sua gest\u00e3o para todos, o prefeito citou um evento de rock, realizado na Pra\u00e7a 8 de abril, no in\u00edcio deste m\u00eas, onde ele diz ter apoiado o evento e ofendido por um eleitor de esquerda.<\/p>\n\n\n\n<p>&#8220;Eu fui l\u00e1 prestigiar o evento e uma pessoa de esquerda me xingou. A prefeitura \u00e9 parceira do evento e \u00e9 um pessoal que nem gosta de mim, e eu estou l\u00e1 ajudando. \u00c9 o direito dela me odiar&#8221;, contou.<\/p>\n\n\n\n<p>No \u00faltimo domingo (1\u00ba), ele havia dito que n\u00e3o se importava com, de acordo com ele, os 35% da popula\u00e7\u00e3o que se identifica com as pol\u00edticas de esquerda.<\/p>\n\n\n\n<p>gazetadigital<\/p>\n","protected":false},"excerpt":{"rendered":"<p>O prefeito Abilio Brunini afirmou, nesta quinta-feira (5), n\u00e3o estar preocupado com o &#8220;politicamente correto&#8221;, ap\u00f3s repercuss\u00e3o de sua fala sobre &#8220;n\u00e3o estar se lixando&#8221; para a parcela dos cuiabanos que se identificam com a esquerda. O discurso pol\u00eamico ocorreu durante o ato &#8220;Acorda Brasil&#8221;, no domingo (1\u00ba). &#8220;N\u00e3o tenho interesse de fazer a opini\u00e3o [&hellip;]<\/p>\n","protected":false},"author":2,"featured_media":20786,"comment_status":"closed","ping_status":"closed","sticky":false,"template":"","format":"standard","meta":{"_monsterinsights_skip_tracking":false,"_monsterinsights_sitenote_active":false,"_monsterinsights_sitenote_note":"","_monsterinsights_sitenote_category":0,"footnotes":""},"categories":[1,48],"tags":[],"_links":{"self":[{"href":"https:\/\/nazarenonews.com.br\/index.php\/wp-json\/wp\/v2\/posts\/20773"}],"collection":[{"href":"https:\/\/nazarenonews.com.br\/index.php\/wp-json\/wp\/v2\/posts"}],"about":[{"href":"https:\/\/nazarenonews.com.br\/index.php\/wp-json\/wp\/v2\/types\/post"}],"author":[{"embeddable":true,"href":"https:\/\/nazarenonews.com.br\/index.php\/wp-json\/wp\/v2\/users\/2"}],"replies":[{"embeddable":true,"href":"https:\/\/nazarenonews.com.br\/index.php\/wp-json\/wp\/v2\/comments?post=20773"}],"version-history":[{"count":1,"href":"https:\/\/nazarenonews.com.br\/index.php\/wp-json\/wp\/v2\/posts\/20773\/revisions"}],"predecessor-version":[{"id":20775,"href":"https:\/\/nazarenonews.com.br\/index.php\/wp-json\/wp\/v2\/posts\/20773\/revisions\/20775"}],"wp:featuredmedia":[{"embeddable":true,"href":"https:\/\/nazarenonews.com.br\/index.php\/wp-json\/wp\/v2\/media\/20786"}],"wp:attachment":[{"href":"https:\/\/nazarenonews.com.br\/index.php\/wp-json\/wp\/v2\/media?parent=20773"}],"wp:term":[{"taxonomy":"category","embeddable":true,"href":"https:\/\/nazarenonews.com.br\/index.php\/wp-json\/wp\/v2\/categories?post=20773"},{"taxonomy":"post_tag","embeddable":true,"href":"https:\/\/nazarenonews.com.br\/index.php\/wp-json\/wp\/v2\/tags?post=20773"}],"curies":[{"name":"wp","href":"https:\/\/api.w.org\/{rel}","templated":true}]}}