{"id":20764,"date":"2026-03-05T15:33:25","date_gmt":"2026-03-05T19:33:25","guid":{"rendered":"https:\/\/nazarenonews.com.br\/?p=20764"},"modified":"2026-03-05T15:33:25","modified_gmt":"2026-03-05T19:33:25","slug":"motociclista-morre-apos-errar-curva-e-colidir-com-poste-em-cuiaba","status":"publish","type":"post","link":"https:\/\/nazarenonews.com.br\/index.php\/2026\/03\/05\/motociclista-morre-apos-errar-curva-e-colidir-com-poste-em-cuiaba\/","title":{"rendered":"Motociclista morre ap\u00f3s errar curva e colidir com poste em Cuiab\u00e1"},"content":{"rendered":"\n<p>O motociclista Airton de Oliveira Pinto, de 42 anos, morreu ap\u00f3s colidir em um poste de ilumina\u00e7\u00e3o p\u00fablica ao errar uma curva, no bairro Distrito Industrial, em Cuiab\u00e1, na noite desta quarta-feira (4).&nbsp;<\/p>\n\n\n\n<p>Conforme informa\u00e7\u00f5es da Pol\u00edcia Civil, a v\u00edtima passou sobre a trincheira da Avenida dos Imigrantes, na rodovia BR-070, por volta das 22h, a fim de acessar a Avenida A do bairro.&nbsp;<\/p>\n\n\n\n<p>Neste momento, o motociclista n\u00e3o acompanhou a curva da pista e seguiu reto. Airton saiu da pista pelo canto esquerdo e colidiu em uma depress\u00e3o de passagem de \u00e1gua, que deixa o terreno irregular.&nbsp;<\/p>\n\n\n\n<p>Ap\u00f3s isso, ele perdeu o controle e colidiu contra um poste de ilumina\u00e7\u00e3o p\u00fablica, caindo no canteiro da via. A v\u00edtima n\u00e3o resistiu aos ferimentos e morreu ainda no local.\u00a0<\/p>\n\n\n\n<p>A Delegacia Especializada de Delitos de Tr\u00e2nsito (Deletran) deve investigar as circunst\u00e2ncias do caso.<\/p>\n\n\n\n<p>Midianews<\/p>\n","protected":false},"excerpt":{"rendered":"<p>O motociclista Airton de Oliveira Pinto, de 42 anos, morreu ap\u00f3s colidir em um poste de ilumina\u00e7\u00e3o p\u00fablica ao errar uma curva, no bairro Distrito Industrial, em Cuiab\u00e1, na noite desta quarta-feira (4).&nbsp; Conforme informa\u00e7\u00f5es da Pol\u00edcia Civil, a v\u00edtima passou sobre a trincheira da Avenida dos Imigrantes, na rodovia BR-070, por volta das 22h, [&hellip;]<\/p>\n","protected":false},"author":2,"featured_media":20765,"comment_status":"closed","ping_status":"closed","sticky":false,"template":"","format":"standard","meta":{"_monsterinsights_skip_tracking":false,"_monsterinsights_sitenote_active":false,"_monsterinsights_sitenote_note":"","_monsterinsights_sitenote_category":0,"footnotes":""},"categories":[1],"tags":[],"_links":{"self":[{"href":"https:\/\/nazarenonews.com.br\/index.php\/wp-json\/wp\/v2\/posts\/20764"}],"collection":[{"href":"https:\/\/nazarenonews.com.br\/index.php\/wp-json\/wp\/v2\/posts"}],"about":[{"href":"https:\/\/nazarenonews.com.br\/index.php\/wp-json\/wp\/v2\/types\/post"}],"author":[{"embeddable":true,"href":"https:\/\/nazarenonews.com.br\/index.php\/wp-json\/wp\/v2\/users\/2"}],"replies":[{"embeddable":true,"href":"https:\/\/nazarenonews.com.br\/index.php\/wp-json\/wp\/v2\/comments?post=20764"}],"version-history":[{"count":1,"href":"https:\/\/nazarenonews.com.br\/index.php\/wp-json\/wp\/v2\/posts\/20764\/revisions"}],"predecessor-version":[{"id":20766,"href":"https:\/\/nazarenonews.com.br\/index.php\/wp-json\/wp\/v2\/posts\/20764\/revisions\/20766"}],"wp:featuredmedia":[{"embeddable":true,"href":"https:\/\/nazarenonews.com.br\/index.php\/wp-json\/wp\/v2\/media\/20765"}],"wp:attachment":[{"href":"https:\/\/nazarenonews.com.br\/index.php\/wp-json\/wp\/v2\/media?parent=20764"}],"wp:term":[{"taxonomy":"category","embeddable":true,"href":"https:\/\/nazarenonews.com.br\/index.php\/wp-json\/wp\/v2\/categories?post=20764"},{"taxonomy":"post_tag","embeddable":true,"href":"https:\/\/nazarenonews.com.br\/index.php\/wp-json\/wp\/v2\/tags?post=20764"}],"curies":[{"name":"wp","href":"https:\/\/api.w.org\/{rel}","templated":true}]}}