{"id":20755,"date":"2026-03-05T15:20:25","date_gmt":"2026-03-05T19:20:25","guid":{"rendered":"https:\/\/nazarenonews.com.br\/?p=20755"},"modified":"2026-03-05T15:20:25","modified_gmt":"2026-03-05T19:20:25","slug":"funcionarios-desviam-r-500-mil-em-carne-de-supermercado-em-barra-do-garcas","status":"publish","type":"post","link":"https:\/\/nazarenonews.com.br\/index.php\/2026\/03\/05\/funcionarios-desviam-r-500-mil-em-carne-de-supermercado-em-barra-do-garcas\/","title":{"rendered":"Funcion\u00e1rios desviam R$ 500 mil em carne de supermercado em Barra do Gar\u00e7as"},"content":{"rendered":"\n<p>Cinco homens foram presos pela Pol\u00edcia Civil nessa quarta-feira (4) durante a Opera\u00e7\u00e3o A\u00e7ougue Oculto, deflagrada pela Delegacia Especializada de Roubos e Furtos (Derf) de Barra do Gar\u00e7as (a 511 km de Cuiab\u00e1). O grupo \u00e9 acusado de furtar carnes bovinas destinadas a um supermercado do munic\u00edpio.<\/p>\n\n\n\n<p>De acordo com o delegado adjunto da Derf, Joaquim Leit\u00e3o J\u00fanior, somente nos \u00faltimos 40 dias o preju\u00edzo causado \u00e0 empresa v\u00edtima pode chegar a cerca de R$ 500 mil.<\/p>\n\n\n\n<p>Entre os presos est\u00e3o o motorista de um caminh\u00e3o de transportadora, o ajudante dele e tr\u00eas funcion\u00e1rios do pr\u00f3prio supermercado. Eles foram autuados em flagrante pelos crimes de furto qualificado e associa\u00e7\u00e3o criminosa.<\/p>\n\n\n\n<p>Segundo a Pol\u00edcia Civil, a Derf de Barra do Gar\u00e7as foi acionada ap\u00f3s o registro de um boletim de ocorr\u00eancia relatando o desaparecimento de pe\u00e7as inteiras e cortes nobres de carne bovina, armazenados em caixas de aproximadamente 20 quilos, pertencentes ao supermercado.<\/p>\n\n\n\n<p>Conforme a investiga\u00e7\u00e3o, o motorista da transportadora teria aliciado funcion\u00e1rios respons\u00e1veis pelo recebimento de mercadorias no estabelecimento. Durante a descarga, parte das caixas era deixada dentro do caminh\u00e3o sem ser registrada.<\/p>\n\n\n\n<p>Mesmo com a mercadoria faltando, o funcion\u00e1rio respons\u00e1vel pelo recebimento assinava a nota fiscal como se toda a carga tivesse sido descarregada e encaminhava o documento ao setor de estoque.<\/p>\n\n\n\n<p>Com a carga ainda no ve\u00edculo, o motorista e o ajudante deixavam o local e seguiam a rota da transportadora. Ap\u00f3s conclu\u00edrem as entregas, eles se encontravam com um receptador em outro ponto e entregavam os produtos, recebendo valores pela venda. Os funcion\u00e1rios do supermercado tamb\u00e9m recebiam suas respectivas parcelas pela participa\u00e7\u00e3o no esquema.<\/p>\n\n\n\n<p>Durante o monitoramento dos suspeitos, policiais civis flagraram o grupo logo ap\u00f3s o furto de 14 caixas de carne, que faziam parte de um carregamento de 85 volumes adquiridos pelo supermercado.<\/p>\n\n\n\n<p>Al\u00e9m das pris\u00f5es, os investigadores apreenderam o caminh\u00e3o utilizado no transporte, a mercadoria recuperada e 19 notas fiscais relacionadas aos produtos furtados.<\/p>\n\n\n\n<p>As investiga\u00e7\u00f5es seguem em andamento para identificar outros poss\u00edveis envolvidos no esquema.<\/p>\n\n\n\n<p>Rep\u00f3rter MT<\/p>\n","protected":false},"excerpt":{"rendered":"<p>Cinco homens foram presos pela Pol\u00edcia Civil nessa quarta-feira (4) durante a Opera\u00e7\u00e3o A\u00e7ougue Oculto, deflagrada pela Delegacia Especializada de Roubos e Furtos (Derf) de Barra do Gar\u00e7as (a 511 km de Cuiab\u00e1). O grupo \u00e9 acusado de furtar carnes bovinas destinadas a um supermercado do munic\u00edpio. De acordo com o delegado adjunto da Derf, [&hellip;]<\/p>\n","protected":false},"author":2,"featured_media":20756,"comment_status":"closed","ping_status":"closed","sticky":false,"template":"","format":"standard","meta":{"_monsterinsights_skip_tracking":false,"_monsterinsights_sitenote_active":false,"_monsterinsights_sitenote_note":"","_monsterinsights_sitenote_category":0,"footnotes":""},"categories":[1],"tags":[],"_links":{"self":[{"href":"https:\/\/nazarenonews.com.br\/index.php\/wp-json\/wp\/v2\/posts\/20755"}],"collection":[{"href":"https:\/\/nazarenonews.com.br\/index.php\/wp-json\/wp\/v2\/posts"}],"about":[{"href":"https:\/\/nazarenonews.com.br\/index.php\/wp-json\/wp\/v2\/types\/post"}],"author":[{"embeddable":true,"href":"https:\/\/nazarenonews.com.br\/index.php\/wp-json\/wp\/v2\/users\/2"}],"replies":[{"embeddable":true,"href":"https:\/\/nazarenonews.com.br\/index.php\/wp-json\/wp\/v2\/comments?post=20755"}],"version-history":[{"count":1,"href":"https:\/\/nazarenonews.com.br\/index.php\/wp-json\/wp\/v2\/posts\/20755\/revisions"}],"predecessor-version":[{"id":20757,"href":"https:\/\/nazarenonews.com.br\/index.php\/wp-json\/wp\/v2\/posts\/20755\/revisions\/20757"}],"wp:featuredmedia":[{"embeddable":true,"href":"https:\/\/nazarenonews.com.br\/index.php\/wp-json\/wp\/v2\/media\/20756"}],"wp:attachment":[{"href":"https:\/\/nazarenonews.com.br\/index.php\/wp-json\/wp\/v2\/media?parent=20755"}],"wp:term":[{"taxonomy":"category","embeddable":true,"href":"https:\/\/nazarenonews.com.br\/index.php\/wp-json\/wp\/v2\/categories?post=20755"},{"taxonomy":"post_tag","embeddable":true,"href":"https:\/\/nazarenonews.com.br\/index.php\/wp-json\/wp\/v2\/tags?post=20755"}],"curies":[{"name":"wp","href":"https:\/\/api.w.org\/{rel}","templated":true}]}}