{"id":20741,"date":"2026-03-05T06:58:36","date_gmt":"2026-03-05T10:58:36","guid":{"rendered":"https:\/\/nazarenonews.com.br\/?p=20741"},"modified":"2026-03-05T08:46:24","modified_gmt":"2026-03-05T12:46:24","slug":"imunizacao-contra-o-hpv-esta-abaixo-da-meta-no-estado","status":"publish","type":"post","link":"https:\/\/nazarenonews.com.br\/index.php\/2026\/03\/05\/imunizacao-contra-o-hpv-esta-abaixo-da-meta-no-estado\/","title":{"rendered":"Imuniza\u00e7\u00e3o contra o HPV est\u00e1 abaixo da meta no Estado"},"content":{"rendered":"\n<p>A cobertura vacinal contra o HPV em Mato Grosso alcan\u00e7ou 76,90% entre meninas e 69,12% entre meninos, conforme dados da Secretaria de Estado de Sa\u00fade (SES). Apesar do avan\u00e7o, os \u00edndices ainda est\u00e3o abaixo da meta de 90%, estabelecida pelo Minist\u00e9rio da Sa\u00fade, indicando a necessidade de ampliar a ades\u00e3o, especialmente entre o p\u00fablico masculino. O papilomav\u00edrus humano (HPV) permanece como um dos principais fatores de risco para o desenvolvimento de les\u00f5es e diversos tipos de c\u00e2ncer, e a vacina\u00e7\u00e3o \u00e9 apontada como estrat\u00e9gia fundamental para reduzir a incid\u00eancia de infec\u00e7\u00f5es, verrugas genitais e, sobretudo, do c\u00e2ncer de colo de \u00fatero.<\/p>\n\n\n\n<p>Pelo Sistema \u00danico de Sa\u00fade (SUS), a vacina contra o HPV \u00e9 ofertada para meninas e meninos de 9 a 14 anos, em dose \u00fanica. A estrat\u00e9gia, no entanto, foi ampliada. At\u00e9 junho de 2026, adolescentes de 15 a 19 anos que ainda n\u00e3o se vacinaram podem realizar a chamada \u201crecupera\u00e7\u00e3o vacinal\u201d, tamb\u00e9m em dose \u00fanica. H\u00e1 ainda esquemas diferenciados para p\u00fablicos espec\u00edficos atendidos nas Unidades B\u00e1sicas de Sa\u00fade.<\/p>\n\n\n\n<p>V\u00edtimas de abuso sexual de 9 a 14 anos devem receber duas doses; j\u00e1 v\u00edtimas de 15 a 45 anos recebem tr\u00eas doses. Usu\u00e1rios da Profilaxia Pr\u00e9-Exposi\u00e7\u00e3o ao HIV (PrEP), na faixa de 15 a 45 anos, tamb\u00e9m seguem o esquema de tr\u00eas doses. No Centro de Refer\u00eancia de Imunobiol\u00f3gicos Especiais (Crie), a vacina \u00e9 destinada a pessoas imunodeprimidas de 9 a 45 anos, como pacientes vivendo com HIV\/Aids, transplantados e pacientes oncol\u00f3gicos, al\u00e9m de pessoas com Papilomatose Respirat\u00f3ria Recorrente, a partir de dois anos de idade.<\/p>\n\n\n\n<p>Segundo o infectologista Claudilson Bastos, do laborat\u00f3rio Sabian, a vacina ofertada pelo SUS \u00e9 a quadrivalente, que protege contra quatro sorotipos do v\u00edrus (6, 11, 16 e 18). \u201cEsses sorotipos est\u00e3o associados tanto a verrugas genitais, quanto aos principais tipos de c\u00e2ncer relacionados ao HPV\u201d. Na rede privada, est\u00e1 dispon\u00edvel a vacina nonavalente, que amplia a prote\u00e7\u00e3o para nove sorotipos (6, 11, 16, 18, 31, 33, 45, 52 e 58), incluindo outros tipos com maior potencial cancer\u00edgeno.<\/p>\n\n\n\n<p>\u201cDiferente do SUS, que estabelece crit\u00e9rios epidemiol\u00f3gicos de faixa et\u00e1ria, na rede privada a indica\u00e7\u00e3o n\u00e3o \u00e9 limitada por idade. A recomenda\u00e7\u00e3o \u00e9 feita com base em crit\u00e9rios cl\u00ednicos individuais\u201d.<\/p>\n\n\n\n<p>Gazetadigital<\/p>\n","protected":false},"excerpt":{"rendered":"<p>A cobertura vacinal contra o HPV em Mato Grosso alcan\u00e7ou 76,90% entre meninas e 69,12% entre meninos, conforme dados da Secretaria de Estado de Sa\u00fade (SES). Apesar do avan\u00e7o, os \u00edndices ainda est\u00e3o abaixo da meta de 90%, estabelecida pelo Minist\u00e9rio da Sa\u00fade, indicando a necessidade de ampliar a ades\u00e3o, especialmente entre o p\u00fablico masculino. [&hellip;]<\/p>\n","protected":false},"author":2,"featured_media":20751,"comment_status":"closed","ping_status":"closed","sticky":false,"template":"","format":"standard","meta":{"_monsterinsights_skip_tracking":false,"_monsterinsights_sitenote_active":false,"_monsterinsights_sitenote_note":"","_monsterinsights_sitenote_category":0,"footnotes":""},"categories":[1],"tags":[],"_links":{"self":[{"href":"https:\/\/nazarenonews.com.br\/index.php\/wp-json\/wp\/v2\/posts\/20741"}],"collection":[{"href":"https:\/\/nazarenonews.com.br\/index.php\/wp-json\/wp\/v2\/posts"}],"about":[{"href":"https:\/\/nazarenonews.com.br\/index.php\/wp-json\/wp\/v2\/types\/post"}],"author":[{"embeddable":true,"href":"https:\/\/nazarenonews.com.br\/index.php\/wp-json\/wp\/v2\/users\/2"}],"replies":[{"embeddable":true,"href":"https:\/\/nazarenonews.com.br\/index.php\/wp-json\/wp\/v2\/comments?post=20741"}],"version-history":[{"count":1,"href":"https:\/\/nazarenonews.com.br\/index.php\/wp-json\/wp\/v2\/posts\/20741\/revisions"}],"predecessor-version":[{"id":20743,"href":"https:\/\/nazarenonews.com.br\/index.php\/wp-json\/wp\/v2\/posts\/20741\/revisions\/20743"}],"wp:featuredmedia":[{"embeddable":true,"href":"https:\/\/nazarenonews.com.br\/index.php\/wp-json\/wp\/v2\/media\/20751"}],"wp:attachment":[{"href":"https:\/\/nazarenonews.com.br\/index.php\/wp-json\/wp\/v2\/media?parent=20741"}],"wp:term":[{"taxonomy":"category","embeddable":true,"href":"https:\/\/nazarenonews.com.br\/index.php\/wp-json\/wp\/v2\/categories?post=20741"},{"taxonomy":"post_tag","embeddable":true,"href":"https:\/\/nazarenonews.com.br\/index.php\/wp-json\/wp\/v2\/tags?post=20741"}],"curies":[{"name":"wp","href":"https:\/\/api.w.org\/{rel}","templated":true}]}}