{"id":2074,"date":"2024-08-09T08:27:30","date_gmt":"2024-08-09T12:27:30","guid":{"rendered":"https:\/\/nazarenonews.com.br\/?p=2074"},"modified":"2024-08-09T08:27:31","modified_gmt":"2024-08-09T12:27:31","slug":"pais-saem-para-beber-deixam-menores-sozinhos-e-bebe-morre-engasgado","status":"publish","type":"post","link":"https:\/\/nazarenonews.com.br\/index.php\/2024\/08\/09\/pais-saem-para-beber-deixam-menores-sozinhos-e-bebe-morre-engasgado\/","title":{"rendered":"Pais saem para beber, deixam menores sozinhos e beb\u00ea morre engasgado"},"content":{"rendered":"\n<p>Gazetadigital<\/p>\n\n\n\n<p>Um beb\u00ea de 3 meses morreu engasgado com o v\u00f4mito, na madrugada desta sexta-feira (9), no bairro Jardim Oasis, em Rondon\u00f3polis (212 km ao sul de Cuiab\u00e1). Ele e o irm\u00e3o de 2 anos estavam sobre o cuidado da irm\u00e3 mais velha, uma menina de apenas de 10 anos. Os pais sa\u00edram para beber e acabaram presos em flagrante pelos crimes de abandono de capaz.&nbsp;<\/p>\n\n\n\n<p>Conforme apurado pela reportagem do\u00a0Gazeta Digital, a Pol\u00edcia Civil foi acionada \u00e0s 02h para atender uma ocorr\u00eancia envolvendo a morte de um beb\u00ea.\u00a0No local, os agentes encontraram os genitores das crian\u00e7as em estado vis\u00edvel de embriaguez.\u00a0<\/p>\n\n\n\n<p>Eles relataram que&nbsp;sa\u00edram para ir em uma feira, deixaram as crian\u00e7as em casa sob os cuidados da irm\u00e3 mais velha, uma menina de 10 anos.&nbsp;<\/p>\n\n\n\n<p>Em determinado momento, o menor vomitou e acabou engasgando. O Servi\u00e7o de Atendimento M\u00f3vel de Urg\u00eancia (Samu) foi acionado e constatou a morte dele por&nbsp;broncoaspira\u00e7\u00e3o,&nbsp;\u00e9 um processo pelo qual alimentos, l\u00edquidos, saliva ou v\u00f4mito entram nas vias a\u00e9reas, passam pelas pregas vocais e chegam at\u00e9 os pulm\u00f5es e causa morte por asfixia.&nbsp;<\/p>\n\n\n\n<p>A genitora ainda disse que o filho de 3 meses chegou ser doado legalmente no dia do parto, por\u00e9m havia um acordo de desist\u00eancia de 10 dias e ela n\u00e3o quis, mas entregar a crian\u00e7a.&nbsp;<\/p>\n\n\n\n<p>Diante da situa\u00e7\u00e3o o casal foi preso em flagrante, o Conselho Tutelar acionado e ficou respons\u00e1vel pelos outros dois menores.&nbsp;<\/p>\n","protected":false},"excerpt":{"rendered":"<p>Gazetadigital Um beb\u00ea de 3 meses morreu engasgado com o v\u00f4mito, na madrugada desta sexta-feira (9), no bairro Jardim Oasis, em Rondon\u00f3polis (212 km ao sul de Cuiab\u00e1). Ele e o irm\u00e3o de 2 anos estavam sobre o cuidado da irm\u00e3 mais velha, uma menina de apenas de 10 anos. Os pais sa\u00edram para beber [&hellip;]<\/p>\n","protected":false},"author":2,"featured_media":2075,"comment_status":"closed","ping_status":"closed","sticky":false,"template":"","format":"standard","meta":{"_monsterinsights_skip_tracking":false,"_monsterinsights_sitenote_active":false,"_monsterinsights_sitenote_note":"","_monsterinsights_sitenote_category":0,"footnotes":""},"categories":[1],"tags":[],"_links":{"self":[{"href":"https:\/\/nazarenonews.com.br\/index.php\/wp-json\/wp\/v2\/posts\/2074"}],"collection":[{"href":"https:\/\/nazarenonews.com.br\/index.php\/wp-json\/wp\/v2\/posts"}],"about":[{"href":"https:\/\/nazarenonews.com.br\/index.php\/wp-json\/wp\/v2\/types\/post"}],"author":[{"embeddable":true,"href":"https:\/\/nazarenonews.com.br\/index.php\/wp-json\/wp\/v2\/users\/2"}],"replies":[{"embeddable":true,"href":"https:\/\/nazarenonews.com.br\/index.php\/wp-json\/wp\/v2\/comments?post=2074"}],"version-history":[{"count":1,"href":"https:\/\/nazarenonews.com.br\/index.php\/wp-json\/wp\/v2\/posts\/2074\/revisions"}],"predecessor-version":[{"id":2076,"href":"https:\/\/nazarenonews.com.br\/index.php\/wp-json\/wp\/v2\/posts\/2074\/revisions\/2076"}],"wp:featuredmedia":[{"embeddable":true,"href":"https:\/\/nazarenonews.com.br\/index.php\/wp-json\/wp\/v2\/media\/2075"}],"wp:attachment":[{"href":"https:\/\/nazarenonews.com.br\/index.php\/wp-json\/wp\/v2\/media?parent=2074"}],"wp:term":[{"taxonomy":"category","embeddable":true,"href":"https:\/\/nazarenonews.com.br\/index.php\/wp-json\/wp\/v2\/categories?post=2074"},{"taxonomy":"post_tag","embeddable":true,"href":"https:\/\/nazarenonews.com.br\/index.php\/wp-json\/wp\/v2\/tags?post=2074"}],"curies":[{"name":"wp","href":"https:\/\/api.w.org\/{rel}","templated":true}]}}