{"id":2069,"date":"2024-08-09T07:07:32","date_gmt":"2024-08-09T11:07:32","guid":{"rendered":"https:\/\/nazarenonews.com.br\/?p=2069"},"modified":"2024-08-09T07:07:32","modified_gmt":"2024-08-09T11:07:32","slug":"previsao-do-tempo-sexta-feira-9-com-alerta-para-declinio-de-temperaturas-e-baixa-umidade-no-mato-grosso","status":"publish","type":"post","link":"https:\/\/nazarenonews.com.br\/index.php\/2024\/08\/09\/previsao-do-tempo-sexta-feira-9-com-alerta-para-declinio-de-temperaturas-e-baixa-umidade-no-mato-grosso\/","title":{"rendered":"PREVIS\u00c3O DO TEMPO: sexta-feira (9) com alerta para decl\u00ednio de temperaturas e baixa umidade no Mato Grosso"},"content":{"rendered":"\n<p>Nesta sexta-feira (9), o Instituto Nacional de Meteorologia (Inmet) alerta para perigo de decl\u00ednio de temperaturas no centro-sul, sudeste, norte, sudoeste e nordeste mato-grossense.<\/p>\n\n\n\n<p>Tamb\u00e9m h\u00e1 alerta para baixa umidade no nordeste, norte e sudeste mato-grossense, atingindo cidades como \u00c1gua Boa, Barra do Gar\u00e7as e Juara.<\/p>\n\n\n\n<p>A previs\u00e3o \u00e9 de varia\u00e7\u00e3o de nuvens e sem chuvas em todo o Mato Grosso.&nbsp;<\/p>\n\n\n\n<p>A temperatura m\u00ednima fica em torno de 11\u00b0C, em Primavera do Leste, e a m\u00e1xima prevista \u00e9 de 40\u00baC, em Apiac\u00e1s. A umidade relativa do ar varia entre 40% e 80%.<\/p>\n\n\n\n<p>As informa\u00e7\u00f5es s\u00e3o do Instituto Nacional de Meteorologia.<br>&nbsp;<\/p>\n\n\n\n<p>Fonte: <a href=\"https:\/\/brasil61.com\/n\/previsao-do-tempo-sexta-feira-9-com-alerta-para-declinio-de-temperaturas-e-baixa-umidade-no-mato-grosso-ptco243734\" target=\"_blank\" rel=\"noreferrer noopener\">Brasil 61<\/a><\/p>\n","protected":false},"excerpt":{"rendered":"<p>Nesta sexta-feira (9), o Instituto Nacional de Meteorologia (Inmet) alerta para perigo de decl\u00ednio de temperaturas no centro-sul, sudeste, norte, sudoeste e nordeste mato-grossense. Tamb\u00e9m h\u00e1 alerta para baixa umidade no nordeste, norte e sudeste mato-grossense, atingindo cidades como \u00c1gua Boa, Barra do Gar\u00e7as e Juara. A previs\u00e3o \u00e9 de varia\u00e7\u00e3o de nuvens e sem [&hellip;]<\/p>\n","protected":false},"author":2,"featured_media":1478,"comment_status":"closed","ping_status":"closed","sticky":false,"template":"","format":"standard","meta":{"_monsterinsights_skip_tracking":false,"_monsterinsights_sitenote_active":false,"_monsterinsights_sitenote_note":"","_monsterinsights_sitenote_category":0,"footnotes":""},"categories":[52],"tags":[],"_links":{"self":[{"href":"https:\/\/nazarenonews.com.br\/index.php\/wp-json\/wp\/v2\/posts\/2069"}],"collection":[{"href":"https:\/\/nazarenonews.com.br\/index.php\/wp-json\/wp\/v2\/posts"}],"about":[{"href":"https:\/\/nazarenonews.com.br\/index.php\/wp-json\/wp\/v2\/types\/post"}],"author":[{"embeddable":true,"href":"https:\/\/nazarenonews.com.br\/index.php\/wp-json\/wp\/v2\/users\/2"}],"replies":[{"embeddable":true,"href":"https:\/\/nazarenonews.com.br\/index.php\/wp-json\/wp\/v2\/comments?post=2069"}],"version-history":[{"count":1,"href":"https:\/\/nazarenonews.com.br\/index.php\/wp-json\/wp\/v2\/posts\/2069\/revisions"}],"predecessor-version":[{"id":2070,"href":"https:\/\/nazarenonews.com.br\/index.php\/wp-json\/wp\/v2\/posts\/2069\/revisions\/2070"}],"wp:featuredmedia":[{"embeddable":true,"href":"https:\/\/nazarenonews.com.br\/index.php\/wp-json\/wp\/v2\/media\/1478"}],"wp:attachment":[{"href":"https:\/\/nazarenonews.com.br\/index.php\/wp-json\/wp\/v2\/media?parent=2069"}],"wp:term":[{"taxonomy":"category","embeddable":true,"href":"https:\/\/nazarenonews.com.br\/index.php\/wp-json\/wp\/v2\/categories?post=2069"},{"taxonomy":"post_tag","embeddable":true,"href":"https:\/\/nazarenonews.com.br\/index.php\/wp-json\/wp\/v2\/tags?post=2069"}],"curies":[{"name":"wp","href":"https:\/\/api.w.org\/{rel}","templated":true}]}}