{"id":1979,"date":"2024-08-06T07:08:25","date_gmt":"2024-08-06T11:08:25","guid":{"rendered":"https:\/\/nazarenonews.com.br\/?p=1979"},"modified":"2024-08-06T07:08:26","modified_gmt":"2024-08-06T11:08:26","slug":"incendio-atinge-territorio-indigena-no-pantanal-de-mt","status":"publish","type":"post","link":"https:\/\/nazarenonews.com.br\/index.php\/2024\/08\/06\/incendio-atinge-territorio-indigena-no-pantanal-de-mt\/","title":{"rendered":"Inc\u00eandio atinge territ\u00f3rio ind\u00edgena no Pantanal de MT"},"content":{"rendered":"\n<p>G1-MT<\/p>\n\n\n\n<p>Um inc\u00eandio atinge uma \u00e1rea do Pantanal, pr\u00f3xima a regi\u00e3o onde est\u00e1 localizada a aldeia ind\u00edgena Umutima, em\u00a0<a class=\"\" href=\"https:\/\/g1.globo.com\/mt\/mato-grosso\/cidade\/barra-do-bugres\/\">Barra do Bugres<\/a>, a 169 km de\u00a0<a class=\"\" href=\"https:\/\/g1.globo.com\/mt\/mato-grosso\/cidade\/cuiaba\/\">Cuiab\u00e1<\/a>, nesta segunda-feira (5). De acordo com o Corpo de Bombeiros<strong>, o fogo come\u00e7ou nesse domingo (4)<\/strong>. At\u00e9 o momento, n\u00e3o se sabe a quantidade de \u00e1rea atingida.<\/p>\n\n\n\n<p>Segundo a corpora\u00e7\u00e3o, o inc\u00eandio come\u00e7ou no final da tarde e as equipes de\u00a0<a class=\"\" href=\"https:\/\/g1.globo.com\/mt\/mato-grosso\/cidade\/tangara-da-serra\/\">Tangar\u00e1 da Serra<\/a>, a 242 km de Cuiab\u00e1, foram at\u00e9 o local para realizar o combate, que est\u00e1 sendo feito com a ajuda da popula\u00e7\u00e3o local.<\/p>\n\n\n\n<p>Os bombeiros informaram que o local \u00e9 de dif\u00edcil acesso e, por isso, n\u00e3o foi poss\u00edvel identificar as causas do inc\u00eandio.<\/p>\n\n\n\n<h2 class=\"wp-block-heading\">Povo Umutina<\/h2>\n\n\n\n<p>Inicialmente, o povo Umutina era chamado de &#8216;Barbados&#8217; devido ao uso de barbas pelos homens, feitas a partir do cabelo das mulheres ou de pelos de macaco. O grupo se autodenominava Balotipon\u00e9, que significa &#8216;gente nova&#8217;.<\/p>\n\n\n\n<p>Apenas ap\u00f3s o contato com os \u00edndios Pares\u00ed e Nambikwara, em 1930, o povo passou a ser conhecido como &#8216;Umotina&#8217;, &#8216;Omotina&#8217; ou &#8216;Umutina&#8217;, que significa &#8216;\u00edndio branco&#8217;.<\/p>\n\n\n\n<p>Os Umutina s\u00e3o um povo que, apesar de sofrer com a grande perda de sua popula\u00e7\u00e3o e de sua terra tradicional, se reconhece como tradicionalmente residente no munic\u00edpio do&nbsp;<a class=\"\" href=\"https:\/\/g1.globo.com\/mt\/mato-grosso\/cidade\/alto-paraguai\/\">Alto Paraguai<\/a>.<\/p>\n\n\n\n<p>Al\u00e9m dos Umutina, o territ\u00f3rio \u00e9 habitado pelos povos Iranxe (Manoki), Nambikwara e Pares\u00ed. Mais de 27 mil hectares de Barra do Bugres s\u00e3o \u00e1reas de terra ind\u00edgena desses povos.<\/p>\n\n\n\n<p><\/p>\n","protected":false},"excerpt":{"rendered":"<p>G1-MT Um inc\u00eandio atinge uma \u00e1rea do Pantanal, pr\u00f3xima a regi\u00e3o onde est\u00e1 localizada a aldeia ind\u00edgena Umutima, em\u00a0Barra do Bugres, a 169 km de\u00a0Cuiab\u00e1, nesta segunda-feira (5). De acordo com o Corpo de Bombeiros, o fogo come\u00e7ou nesse domingo (4). At\u00e9 o momento, n\u00e3o se sabe a quantidade de \u00e1rea atingida. Segundo a corpora\u00e7\u00e3o, [&hellip;]<\/p>\n","protected":false},"author":2,"featured_media":1980,"comment_status":"closed","ping_status":"closed","sticky":false,"template":"","format":"standard","meta":{"_monsterinsights_skip_tracking":false,"_monsterinsights_sitenote_active":false,"_monsterinsights_sitenote_note":"","_monsterinsights_sitenote_category":0,"footnotes":""},"categories":[1],"tags":[],"_links":{"self":[{"href":"https:\/\/nazarenonews.com.br\/index.php\/wp-json\/wp\/v2\/posts\/1979"}],"collection":[{"href":"https:\/\/nazarenonews.com.br\/index.php\/wp-json\/wp\/v2\/posts"}],"about":[{"href":"https:\/\/nazarenonews.com.br\/index.php\/wp-json\/wp\/v2\/types\/post"}],"author":[{"embeddable":true,"href":"https:\/\/nazarenonews.com.br\/index.php\/wp-json\/wp\/v2\/users\/2"}],"replies":[{"embeddable":true,"href":"https:\/\/nazarenonews.com.br\/index.php\/wp-json\/wp\/v2\/comments?post=1979"}],"version-history":[{"count":1,"href":"https:\/\/nazarenonews.com.br\/index.php\/wp-json\/wp\/v2\/posts\/1979\/revisions"}],"predecessor-version":[{"id":1981,"href":"https:\/\/nazarenonews.com.br\/index.php\/wp-json\/wp\/v2\/posts\/1979\/revisions\/1981"}],"wp:featuredmedia":[{"embeddable":true,"href":"https:\/\/nazarenonews.com.br\/index.php\/wp-json\/wp\/v2\/media\/1980"}],"wp:attachment":[{"href":"https:\/\/nazarenonews.com.br\/index.php\/wp-json\/wp\/v2\/media?parent=1979"}],"wp:term":[{"taxonomy":"category","embeddable":true,"href":"https:\/\/nazarenonews.com.br\/index.php\/wp-json\/wp\/v2\/categories?post=1979"},{"taxonomy":"post_tag","embeddable":true,"href":"https:\/\/nazarenonews.com.br\/index.php\/wp-json\/wp\/v2\/tags?post=1979"}],"curies":[{"name":"wp","href":"https:\/\/api.w.org\/{rel}","templated":true}]}}