{"id":1970,"date":"2024-08-05T17:25:18","date_gmt":"2024-08-05T21:25:18","guid":{"rendered":"https:\/\/nazarenonews.com.br\/?p=1970"},"modified":"2024-08-05T17:25:19","modified_gmt":"2024-08-05T21:25:19","slug":"comerciantes-do-shopping-popular-dependem-de-liberacao-do-mp-para-ocupar-ginasio","status":"publish","type":"post","link":"https:\/\/nazarenonews.com.br\/index.php\/2024\/08\/05\/comerciantes-do-shopping-popular-dependem-de-liberacao-do-mp-para-ocupar-ginasio\/","title":{"rendered":"Comerciantes do Shopping Popular dependem de libera\u00e7\u00e3o do MP para ocupar gin\u00e1sio"},"content":{"rendered":"\n<p>DO CONEX\u00c3O PODER<\/p>\n\n\n\n<p>Em entrevista ao\u00a0<strong>Conex\u00e3o Poder<\/strong>, o\u00a0<strong>presidente da associa\u00e7\u00e3o do Shopping Popular, Misael Galv\u00e3o<\/strong>, destaca que uma reuni\u00e3o decisiva, que deve ser realizada nesta segunda-feira junto ao Minist\u00e9rio P\u00fablico de Mato Grosso, vai definir se os comerciantes que perderam tudo em inc\u00eandio devastador no dia 15 de julho poder\u00e3o ocupar de forma provis\u00f3ria o gin\u00e1sio do Complexo Dom Aquino, em Cuiab\u00e1 at\u00e9 que a nova estrutura seja constru\u00edda.<\/p>\n\n\n\n<p>Misael lembra que a manuten\u00e7\u00e3o do Complexo Dom Aquino \u00e9 custeada pela associa\u00e7\u00e3o do Shopping Popular, conforme prev\u00ea a concess\u00e3o da \u00e1rea p\u00fablica cedida pelo Munic\u00edpio de Cuiab\u00e1 para a instala\u00e7\u00e3o do centro comercial que abrigava 600 bancas.<\/p>\n\n\n\n<p>Na entrevista ele ressalta que o Governo do Estado deve custear de forma emergencial a estrutura interna para que os camel\u00f4s refa\u00e7am suas bancas no gin\u00e1sio, caso o MP libere o uso do espa\u00e7o.<\/p>\n\n\n\n<p>No\u00a0<strong>Conex\u00e3o Poder<\/strong>\u00a0ele explica ainda sobre as linhas de cr\u00e9dito que ser\u00e3o cedidas aos comerciantes, pelo poder p\u00fablico, para que possam se reerguer e construir a nova sede, a qual ele estima inaugurar em abril de 2025.<\/p>\n\n\n\n<p><\/p>\n","protected":false},"excerpt":{"rendered":"<p>DO CONEX\u00c3O PODER Em entrevista ao\u00a0Conex\u00e3o Poder, o\u00a0presidente da associa\u00e7\u00e3o do Shopping Popular, Misael Galv\u00e3o, destaca que uma reuni\u00e3o decisiva, que deve ser realizada nesta segunda-feira junto ao Minist\u00e9rio P\u00fablico de Mato Grosso, vai definir se os comerciantes que perderam tudo em inc\u00eandio devastador no dia 15 de julho poder\u00e3o ocupar de forma provis\u00f3ria o [&hellip;]<\/p>\n","protected":false},"author":2,"featured_media":1971,"comment_status":"closed","ping_status":"closed","sticky":false,"template":"","format":"standard","meta":{"_monsterinsights_skip_tracking":false,"_monsterinsights_sitenote_active":false,"_monsterinsights_sitenote_note":"","_monsterinsights_sitenote_category":0,"footnotes":""},"categories":[36,1],"tags":[],"_links":{"self":[{"href":"https:\/\/nazarenonews.com.br\/index.php\/wp-json\/wp\/v2\/posts\/1970"}],"collection":[{"href":"https:\/\/nazarenonews.com.br\/index.php\/wp-json\/wp\/v2\/posts"}],"about":[{"href":"https:\/\/nazarenonews.com.br\/index.php\/wp-json\/wp\/v2\/types\/post"}],"author":[{"embeddable":true,"href":"https:\/\/nazarenonews.com.br\/index.php\/wp-json\/wp\/v2\/users\/2"}],"replies":[{"embeddable":true,"href":"https:\/\/nazarenonews.com.br\/index.php\/wp-json\/wp\/v2\/comments?post=1970"}],"version-history":[{"count":1,"href":"https:\/\/nazarenonews.com.br\/index.php\/wp-json\/wp\/v2\/posts\/1970\/revisions"}],"predecessor-version":[{"id":1972,"href":"https:\/\/nazarenonews.com.br\/index.php\/wp-json\/wp\/v2\/posts\/1970\/revisions\/1972"}],"wp:featuredmedia":[{"embeddable":true,"href":"https:\/\/nazarenonews.com.br\/index.php\/wp-json\/wp\/v2\/media\/1971"}],"wp:attachment":[{"href":"https:\/\/nazarenonews.com.br\/index.php\/wp-json\/wp\/v2\/media?parent=1970"}],"wp:term":[{"taxonomy":"category","embeddable":true,"href":"https:\/\/nazarenonews.com.br\/index.php\/wp-json\/wp\/v2\/categories?post=1970"},{"taxonomy":"post_tag","embeddable":true,"href":"https:\/\/nazarenonews.com.br\/index.php\/wp-json\/wp\/v2\/tags?post=1970"}],"curies":[{"name":"wp","href":"https:\/\/api.w.org\/{rel}","templated":true}]}}