{"id":1962,"date":"2024-08-05T17:14:49","date_gmt":"2024-08-05T21:14:49","guid":{"rendered":"https:\/\/nazarenonews.com.br\/?p=1962"},"modified":"2024-08-05T17:14:49","modified_gmt":"2024-08-05T21:14:49","slug":"mais-de-20-bairros-ficarao-sem-agua-durante-reparo-emergencial-em-cuiaba","status":"publish","type":"post","link":"https:\/\/nazarenonews.com.br\/index.php\/2024\/08\/05\/mais-de-20-bairros-ficarao-sem-agua-durante-reparo-emergencial-em-cuiaba\/","title":{"rendered":"Mais de 20 bairros ficar\u00e3o sem \u00e1gua durante reparo emergencial em Cuiab\u00e1"},"content":{"rendered":"\n<p>G1-MT<\/p>\n\n\n\n<p>Um reparo emergencial na rede de abastecimento de \u00e1gua em&nbsp;<a class=\"\" href=\"https:\/\/g1.globo.com\/mt\/mato-grosso\/cidade\/cuiaba\/\">Cuiab\u00e1<\/a>&nbsp;deve&nbsp;<strong>deixar 22 bairros sem \u00e1gua at\u00e9 a manh\u00e3 desta ter\u00e7a-feira (6)<\/strong>. A informa\u00e7\u00e3o foi divulgada nessa segunda (5) pela \u00c1guas Cuiab\u00e1, empresa respons\u00e1vel pela rede de abastecimento e saneamento na capital.&nbsp;<strong>(confira regi\u00f5es afetadas no fim da mat\u00e9ria)<\/strong><\/p>\n\n\n\n<p>Em nota, a \u00c1guas Cuiab\u00e1 informou manuten\u00e7\u00e3o come\u00e7ou ap\u00f3s um vazamento de uma rede de abastecimento no Bairro Jardim Independ\u00eancia. Segundo ela,&nbsp;o fornecimento de \u00e1gua tratada deve ser retomado de forma gradativa.<\/p>\n\n\n\n<p>A empresa ainda relatou que os moradores que das regi\u00f5es afetadas que estiverem desabastecidos e necessitarem de fornecimento de \u00e1gua tratada\u00a0podem solicitar um caminh\u00e3o-pipa por meio dos canais de atendimento da empresa.<\/p>\n\n\n\n<h2 class=\"wp-block-heading\">Locais afetados:<\/h2>\n\n\n\n<ul>\n<li>Barra do Pari;<\/li>\n\n\n\n<li>C. R. Canachue;<\/li>\n\n\n\n<li>Cidade Alta;<\/li>\n\n\n\n<li>Cidade Verde;<\/li>\n\n\n\n<li>Coesa;<\/li>\n\n\n\n<li>Goiabeiras;<\/li>\n\n\n\n<li>Jd. Ara\u00e7a;<\/li>\n\n\n\n<li>Jd. Cuiab\u00e1;<\/li>\n\n\n\n<li>Jd. Independ\u00eancia;<\/li>\n\n\n\n<li>Jd. Mariana;<\/li>\n\n\n\n<li>Jd. Primavera;<\/li>\n\n\n\n<li>Jd. Santa Am\u00e1lia;<\/li>\n\n\n\n<li>Bairro Popular;<\/li>\n\n\n\n<li>R. Carvalho;<\/li>\n\n\n\n<li>Rib. da Ponte;<\/li>\n\n\n\n<li>Sta. Angelita,<\/li>\n\n\n\n<li>Sta. Isabel;<\/li>\n\n\n\n<li>Sta. Rosa I;<\/li>\n\n\n\n<li>Sta. Rosa II;<\/li>\n\n\n\n<li>Verd\u00e3o;<\/li>\n\n\n\n<li>Vila Militar;<\/li>\n\n\n\n<li>Village Flamboyant<\/li>\n<\/ul>\n","protected":false},"excerpt":{"rendered":"<p>G1-MT Um reparo emergencial na rede de abastecimento de \u00e1gua em&nbsp;Cuiab\u00e1&nbsp;deve&nbsp;deixar 22 bairros sem \u00e1gua at\u00e9 a manh\u00e3 desta ter\u00e7a-feira (6). A informa\u00e7\u00e3o foi divulgada nessa segunda (5) pela \u00c1guas Cuiab\u00e1, empresa respons\u00e1vel pela rede de abastecimento e saneamento na capital.&nbsp;(confira regi\u00f5es afetadas no fim da mat\u00e9ria) Em nota, a \u00c1guas Cuiab\u00e1 informou manuten\u00e7\u00e3o come\u00e7ou [&hellip;]<\/p>\n","protected":false},"author":2,"featured_media":1963,"comment_status":"closed","ping_status":"closed","sticky":false,"template":"","format":"standard","meta":{"_monsterinsights_skip_tracking":false,"_monsterinsights_sitenote_active":false,"_monsterinsights_sitenote_note":"","_monsterinsights_sitenote_category":0,"footnotes":""},"categories":[1],"tags":[],"_links":{"self":[{"href":"https:\/\/nazarenonews.com.br\/index.php\/wp-json\/wp\/v2\/posts\/1962"}],"collection":[{"href":"https:\/\/nazarenonews.com.br\/index.php\/wp-json\/wp\/v2\/posts"}],"about":[{"href":"https:\/\/nazarenonews.com.br\/index.php\/wp-json\/wp\/v2\/types\/post"}],"author":[{"embeddable":true,"href":"https:\/\/nazarenonews.com.br\/index.php\/wp-json\/wp\/v2\/users\/2"}],"replies":[{"embeddable":true,"href":"https:\/\/nazarenonews.com.br\/index.php\/wp-json\/wp\/v2\/comments?post=1962"}],"version-history":[{"count":1,"href":"https:\/\/nazarenonews.com.br\/index.php\/wp-json\/wp\/v2\/posts\/1962\/revisions"}],"predecessor-version":[{"id":1964,"href":"https:\/\/nazarenonews.com.br\/index.php\/wp-json\/wp\/v2\/posts\/1962\/revisions\/1964"}],"wp:featuredmedia":[{"embeddable":true,"href":"https:\/\/nazarenonews.com.br\/index.php\/wp-json\/wp\/v2\/media\/1963"}],"wp:attachment":[{"href":"https:\/\/nazarenonews.com.br\/index.php\/wp-json\/wp\/v2\/media?parent=1962"}],"wp:term":[{"taxonomy":"category","embeddable":true,"href":"https:\/\/nazarenonews.com.br\/index.php\/wp-json\/wp\/v2\/categories?post=1962"},{"taxonomy":"post_tag","embeddable":true,"href":"https:\/\/nazarenonews.com.br\/index.php\/wp-json\/wp\/v2\/tags?post=1962"}],"curies":[{"name":"wp","href":"https:\/\/api.w.org\/{rel}","templated":true}]}}