{"id":1960,"date":"2024-08-05T07:41:10","date_gmt":"2024-08-05T11:41:10","guid":{"rendered":"https:\/\/nazarenonews.com.br\/?p=1960"},"modified":"2024-08-05T07:41:11","modified_gmt":"2024-08-05T11:41:11","slug":"previsao-do-tempo-segunda-feira-5-de-ceu-claro-em-quase-toda-a-regiao-centro-oeste","status":"publish","type":"post","link":"https:\/\/nazarenonews.com.br\/index.php\/2024\/08\/05\/previsao-do-tempo-segunda-feira-5-de-ceu-claro-em-quase-toda-a-regiao-centro-oeste\/","title":{"rendered":"PREVIS\u00c3O DO TEMPO: segunda-feira (5) de c\u00e9u claro em quase toda a regi\u00e3o Centro-Oeste"},"content":{"rendered":"\n<p>A previs\u00e3o do tempo para a regi\u00e3o Centro-Oeste, nesta segunda-feira (5), \u00e9 de c\u00e9u claro em praticamente todo o estado de Goi\u00e1s e de Mato Grosso, em cidades como Brit\u00e2nia e Amaralina, no estado goiano; e Nova Maring\u00e1 e Marcel\u00e2ndia no estado mato-grossense. A condi\u00e7\u00e3o \u00e9 a mesma no Distrito Federal.<\/p>\n\n\n\n<p>No decorrer do dia, a \u00e1rea central e do nordeste de Mato Grosso, \u00e9 esperada n\u00e9voa seca. J\u00e1 no Mato Groso do Sul, em \u00e1reas como o Pantanal e o sudoeste do estado, o c\u00e9u vai estar com muitas nuvens, sem possibilidade de chuva nessas \u00e1reas, sobretudo em cidades como Corumb\u00e1 e Ponta Por\u00e3.&nbsp;<\/p>\n\n\n\n<p>De acordo com o Instituto Nacional de Meteorologia, praticamente toda a regi\u00e3o apresenta perigo potencial de baixa umidade do ar. Em \u00e1reas do Mato Grosso e de Goi\u00e1s, o risco \u00e9 ainda maior.&nbsp;<\/p>\n\n\n\n<p>Entre as capitais, a temperatura m\u00ednima \u00e9 de 20\u00b0C em Goi\u00e2nia, enquanto a m\u00e1xima \u00e9 de 35\u00b0C em Cuiab\u00e1. A umidade do ar varia entre 15% e 85%.&nbsp;<\/p>\n\n\n\n<p>As informa\u00e7\u00f5es s\u00e3o do Instituto Nacional de Meteorologia.&nbsp;<\/p>\n\n\n\n<p>Fonte: <a href=\"https:\/\/brasil61.com\/n\/previsao-do-tempo-segunda-feira-5-de-ceu-claro-em-quase-toda-a-regiao-centro-oeste-ptco243720\" target=\"_blank\" rel=\"noreferrer noopener\">Brasil 61<\/a><\/p>\n","protected":false},"excerpt":{"rendered":"<p>A previs\u00e3o do tempo para a regi\u00e3o Centro-Oeste, nesta segunda-feira (5), \u00e9 de c\u00e9u claro em praticamente todo o estado de Goi\u00e1s e de Mato Grosso, em cidades como Brit\u00e2nia e Amaralina, no estado goiano; e Nova Maring\u00e1 e Marcel\u00e2ndia no estado mato-grossense. A condi\u00e7\u00e3o \u00e9 a mesma no Distrito Federal. No decorrer do dia, [&hellip;]<\/p>\n","protected":false},"author":2,"featured_media":1923,"comment_status":"closed","ping_status":"closed","sticky":false,"template":"","format":"standard","meta":{"_monsterinsights_skip_tracking":false,"_monsterinsights_sitenote_active":false,"_monsterinsights_sitenote_note":"","_monsterinsights_sitenote_category":0,"footnotes":""},"categories":[52],"tags":[],"_links":{"self":[{"href":"https:\/\/nazarenonews.com.br\/index.php\/wp-json\/wp\/v2\/posts\/1960"}],"collection":[{"href":"https:\/\/nazarenonews.com.br\/index.php\/wp-json\/wp\/v2\/posts"}],"about":[{"href":"https:\/\/nazarenonews.com.br\/index.php\/wp-json\/wp\/v2\/types\/post"}],"author":[{"embeddable":true,"href":"https:\/\/nazarenonews.com.br\/index.php\/wp-json\/wp\/v2\/users\/2"}],"replies":[{"embeddable":true,"href":"https:\/\/nazarenonews.com.br\/index.php\/wp-json\/wp\/v2\/comments?post=1960"}],"version-history":[{"count":1,"href":"https:\/\/nazarenonews.com.br\/index.php\/wp-json\/wp\/v2\/posts\/1960\/revisions"}],"predecessor-version":[{"id":1961,"href":"https:\/\/nazarenonews.com.br\/index.php\/wp-json\/wp\/v2\/posts\/1960\/revisions\/1961"}],"wp:featuredmedia":[{"embeddable":true,"href":"https:\/\/nazarenonews.com.br\/index.php\/wp-json\/wp\/v2\/media\/1923"}],"wp:attachment":[{"href":"https:\/\/nazarenonews.com.br\/index.php\/wp-json\/wp\/v2\/media?parent=1960"}],"wp:term":[{"taxonomy":"category","embeddable":true,"href":"https:\/\/nazarenonews.com.br\/index.php\/wp-json\/wp\/v2\/categories?post=1960"},{"taxonomy":"post_tag","embeddable":true,"href":"https:\/\/nazarenonews.com.br\/index.php\/wp-json\/wp\/v2\/tags?post=1960"}],"curies":[{"name":"wp","href":"https:\/\/api.w.org\/{rel}","templated":true}]}}