{"id":1953,"date":"2024-08-05T07:30:36","date_gmt":"2024-08-05T11:30:36","guid":{"rendered":"https:\/\/nazarenonews.com.br\/?p=1953"},"modified":"2024-08-05T07:30:37","modified_gmt":"2024-08-05T11:30:37","slug":"crianca-de-7-anos-morre-atropelada-apos-mae-confundir-freio-com-acelerador-em-mt","status":"publish","type":"post","link":"https:\/\/nazarenonews.com.br\/index.php\/2024\/08\/05\/crianca-de-7-anos-morre-atropelada-apos-mae-confundir-freio-com-acelerador-em-mt\/","title":{"rendered":"Crian\u00e7a de 7 anos morre atropelada ap\u00f3s m\u00e3e confundir freio com acelerador em MT"},"content":{"rendered":"\n<p>G1-MT<\/p>\n\n\n\n<p>Uma crian\u00e7a de sete anos morreu ap\u00f3s ser acidentalmente atropelada pela m\u00e3e, que n\u00e3o foi identificada, em&nbsp;<a class=\"\" href=\"https:\/\/g1.globo.com\/mt\/mato-grosso\/cidade\/rondonopolis\/\">Rondon\u00f3polis<\/a>, a 215 km de Cuiab\u00e1, no domingo (4). A m\u00e3e tentava estacionar o carro em casa, quando&nbsp;<strong>prensou a crian\u00e7a contra um muro<\/strong>, segundo a Pol\u00edcia Militar.<\/p>\n\n\n\n<p>De acordo com o Corpo de Bombeiros, equipes do Servi\u00e7o de Atendimento M\u00f3vel de Urg\u00eancia (Samu) foram chamadas para socorrer a v\u00edtima,&nbsp;mas ela n\u00e3o resistiu aos ferimentos e morreu ainda no local.<\/p>\n\n\n\n<p>No momento em que a equipe de socorro chegou no local, encontraram a m\u00e3e com a filha no colo. \u00c0s equipes, a m\u00e3e disse que&nbsp;<strong>confundiu o freio e o acelerador do ve\u00edculo.&nbsp;<\/strong>A crian\u00e7a teve fraturas no t\u00f3rax e costela.<\/p>\n\n\n\n<p>A Per\u00edcia Oficial e Identifica\u00e7\u00e3o T\u00e9cnica (Politec) estive no local e a Pol\u00edcia Civil investiga o acidente.<\/p>\n","protected":false},"excerpt":{"rendered":"<p>G1-MT Uma crian\u00e7a de sete anos morreu ap\u00f3s ser acidentalmente atropelada pela m\u00e3e, que n\u00e3o foi identificada, em&nbsp;Rondon\u00f3polis, a 215 km de Cuiab\u00e1, no domingo (4). A m\u00e3e tentava estacionar o carro em casa, quando&nbsp;prensou a crian\u00e7a contra um muro, segundo a Pol\u00edcia Militar. De acordo com o Corpo de Bombeiros, equipes do Servi\u00e7o de [&hellip;]<\/p>\n","protected":false},"author":2,"featured_media":1954,"comment_status":"closed","ping_status":"closed","sticky":false,"template":"","format":"standard","meta":{"_monsterinsights_skip_tracking":false,"_monsterinsights_sitenote_active":false,"_monsterinsights_sitenote_note":"","_monsterinsights_sitenote_category":0,"footnotes":""},"categories":[1],"tags":[],"_links":{"self":[{"href":"https:\/\/nazarenonews.com.br\/index.php\/wp-json\/wp\/v2\/posts\/1953"}],"collection":[{"href":"https:\/\/nazarenonews.com.br\/index.php\/wp-json\/wp\/v2\/posts"}],"about":[{"href":"https:\/\/nazarenonews.com.br\/index.php\/wp-json\/wp\/v2\/types\/post"}],"author":[{"embeddable":true,"href":"https:\/\/nazarenonews.com.br\/index.php\/wp-json\/wp\/v2\/users\/2"}],"replies":[{"embeddable":true,"href":"https:\/\/nazarenonews.com.br\/index.php\/wp-json\/wp\/v2\/comments?post=1953"}],"version-history":[{"count":1,"href":"https:\/\/nazarenonews.com.br\/index.php\/wp-json\/wp\/v2\/posts\/1953\/revisions"}],"predecessor-version":[{"id":1955,"href":"https:\/\/nazarenonews.com.br\/index.php\/wp-json\/wp\/v2\/posts\/1953\/revisions\/1955"}],"wp:featuredmedia":[{"embeddable":true,"href":"https:\/\/nazarenonews.com.br\/index.php\/wp-json\/wp\/v2\/media\/1954"}],"wp:attachment":[{"href":"https:\/\/nazarenonews.com.br\/index.php\/wp-json\/wp\/v2\/media?parent=1953"}],"wp:term":[{"taxonomy":"category","embeddable":true,"href":"https:\/\/nazarenonews.com.br\/index.php\/wp-json\/wp\/v2\/categories?post=1953"},{"taxonomy":"post_tag","embeddable":true,"href":"https:\/\/nazarenonews.com.br\/index.php\/wp-json\/wp\/v2\/tags?post=1953"}],"curies":[{"name":"wp","href":"https:\/\/api.w.org\/{rel}","templated":true}]}}