{"id":1950,"date":"2024-08-05T07:25:13","date_gmt":"2024-08-05T11:25:13","guid":{"rendered":"https:\/\/nazarenonews.com.br\/?p=1950"},"modified":"2024-08-05T07:25:14","modified_gmt":"2024-08-05T11:25:14","slug":"exposicao-em-cuiaba-homenageia-o-legado-de-40-anos-das-diretas-ja","status":"publish","type":"post","link":"https:\/\/nazarenonews.com.br\/index.php\/2024\/08\/05\/exposicao-em-cuiaba-homenageia-o-legado-de-40-anos-das-diretas-ja\/","title":{"rendered":"Exposi\u00e7\u00e3o em Cuiab\u00e1 homenageia o legado de 40 anos das &#8216;Diretas J\u00e1&#8217;"},"content":{"rendered":"\n<p>G1-MT<\/p>\n\n\n\n<p>Fotografias, recortes de jornais da \u00e9poca e objetos ir\u00e3o compor a exposi\u00e7\u00e3o&nbsp;<strong>&#8216;Diretas J\u00e1: 40 anos de legados e transforma\u00e7\u00f5es&#8217;<\/strong>, dispon\u00edvel para visita\u00e7\u00e3o gratuita, na Galeria de Artes do Sesc Arsenal, em&nbsp;<a class=\"\" href=\"https:\/\/g1.globo.com\/mt\/mato-grosso\/cidade\/cuiaba\/\">Cuiab\u00e1<\/a>, a partir dessa ter\u00e7a-feira (6), a partir das 14h.<\/p>\n\n\n\n<p>A&nbsp;<strong>exposi\u00e7\u00e3o contar\u00e1 a hist\u00f3ria do movimento que ganhou apoio de diversos partidos pol\u00edticos e setores da sociedade, ap\u00f3s 21 anos sem elei\u00e7\u00f5es para Presidente da Rep\u00fablica<\/strong>, at\u00e9 que em 25 de abril de 1984, a proposta de emenda constitucional, apresentada pelo, ent\u00e3o, deputado federal por Mato Grosso, Dante de Oliveira (PMDB), foi colocada em vota\u00e7\u00e3o.<\/p>\n\n\n\n<p>A hist\u00f3ria ser\u00e1 narrada em cinco setores:<\/p>\n\n\n\n<ul>\n<li>O que foi o movimento;<\/li>\n\n\n\n<li>Contexto hist\u00f3rico;<\/li>\n\n\n\n<li>Protagonistas;<\/li>\n\n\n\n<li>Os com\u00edcios;<\/li>\n\n\n\n<li>Dante de Oliveira.<\/li>\n<\/ul>\n\n\n\n<p>A exposi\u00e7\u00e3o ficar\u00e1 aberta para visita\u00e7\u00e3o<strong>\u00a0de ter\u00e7a-feira a s\u00e1bado, das 14h \u00e0s 21h e aos domingos, das 15h \u00e0s 21h, at\u00e9 18 de outubro.<\/strong><\/p>\n\n\n\n<p>As &#8220;Diretas J\u00e1&#8221; foram classificadas como&nbsp;a maior manifesta\u00e7\u00e3o popular pol\u00edtica da hist\u00f3ria do Brasil at\u00e9 a d\u00e9cada de 1980.<\/p>\n\n\n\n<p>Com\u00edcios hist\u00f3ricos foram realizados em todo o pa\u00eds, com o apoio de artistas e intelectuais. Em S\u00e3o Paulo, no Vale do Anhangaba\u00fa,\u00a0<strong>mais de 1,5 milh\u00e3o de pessoas<\/strong>\u00a0se reuniram para acompanhar os discursos de pol\u00edticos de diferentes vertentes.<\/p>\n\n\n\n<p>A emenda, apresentada por Dante de Oliveira,&nbsp;<strong>teve 298 votos a favor, 65 contra, tr\u00eas absten\u00e7\u00f5es e 113 aus\u00eancias.<\/strong>&nbsp;Por ser uma emenda, era preciso 320 votos favor\u00e1veis para ser encaminhada ao Senado Federal.<\/p>\n\n\n\n<p>Com a derrota da emenda, Tancredo Neves foi o primeiro presidente civil eleito por voto indireto, no entanto faleceu em abril de 1985, antes de tomar posse. O vice, Jos\u00e9 Sarney assumiu em seu lugar.<\/p>\n\n\n\n<h2 class=\"wp-block-heading\">Dante de Oliveira<\/h2>\n\n\n\n<p>Ex-prefeito de Cuiab\u00e1 (1986-1989\/1993-1994) e ex-governador de Mato Grosso (1995-2002),&nbsp;<strong>Dante Martins de Oliveira<\/strong>&nbsp;era cuiabano e engenheiro civil.<\/p>\n\n\n\n<p>Nascido em 1952, ele tamb\u00e9m foi deputado federal por Mato Grosso, deputado estadual e ministro da Reforma e do Desenvolvimento Agr\u00e1rio.<\/p>\n\n\n\n<p>Dante ficou conhecido pela autoria da emenda constitucional que restabelecia as elei\u00e7\u00f5es diretas para presidente da rep\u00fablica, no movimento que resultou na campanha das &#8216;Diretas J\u00e1&#8217;.<\/p>\n\n\n\n<p>O pol\u00edtico\u00a0<strong>faleceu em 2006, aos 54 anos<\/strong>, v\u00edtima de uma pneumonia agravada pelo diabetes.<\/p>\n\n\n\n<p><\/p>\n","protected":false},"excerpt":{"rendered":"<p>G1-MT Fotografias, recortes de jornais da \u00e9poca e objetos ir\u00e3o compor a exposi\u00e7\u00e3o&nbsp;&#8216;Diretas J\u00e1: 40 anos de legados e transforma\u00e7\u00f5es&#8217;, dispon\u00edvel para visita\u00e7\u00e3o gratuita, na Galeria de Artes do Sesc Arsenal, em&nbsp;Cuiab\u00e1, a partir dessa ter\u00e7a-feira (6), a partir das 14h. A&nbsp;exposi\u00e7\u00e3o contar\u00e1 a hist\u00f3ria do movimento que ganhou apoio de diversos partidos pol\u00edticos e [&hellip;]<\/p>\n","protected":false},"author":2,"featured_media":1951,"comment_status":"closed","ping_status":"closed","sticky":false,"template":"","format":"standard","meta":{"_monsterinsights_skip_tracking":false,"_monsterinsights_sitenote_active":false,"_monsterinsights_sitenote_note":"","_monsterinsights_sitenote_category":0,"footnotes":""},"categories":[1],"tags":[],"_links":{"self":[{"href":"https:\/\/nazarenonews.com.br\/index.php\/wp-json\/wp\/v2\/posts\/1950"}],"collection":[{"href":"https:\/\/nazarenonews.com.br\/index.php\/wp-json\/wp\/v2\/posts"}],"about":[{"href":"https:\/\/nazarenonews.com.br\/index.php\/wp-json\/wp\/v2\/types\/post"}],"author":[{"embeddable":true,"href":"https:\/\/nazarenonews.com.br\/index.php\/wp-json\/wp\/v2\/users\/2"}],"replies":[{"embeddable":true,"href":"https:\/\/nazarenonews.com.br\/index.php\/wp-json\/wp\/v2\/comments?post=1950"}],"version-history":[{"count":1,"href":"https:\/\/nazarenonews.com.br\/index.php\/wp-json\/wp\/v2\/posts\/1950\/revisions"}],"predecessor-version":[{"id":1952,"href":"https:\/\/nazarenonews.com.br\/index.php\/wp-json\/wp\/v2\/posts\/1950\/revisions\/1952"}],"wp:featuredmedia":[{"embeddable":true,"href":"https:\/\/nazarenonews.com.br\/index.php\/wp-json\/wp\/v2\/media\/1951"}],"wp:attachment":[{"href":"https:\/\/nazarenonews.com.br\/index.php\/wp-json\/wp\/v2\/media?parent=1950"}],"wp:term":[{"taxonomy":"category","embeddable":true,"href":"https:\/\/nazarenonews.com.br\/index.php\/wp-json\/wp\/v2\/categories?post=1950"},{"taxonomy":"post_tag","embeddable":true,"href":"https:\/\/nazarenonews.com.br\/index.php\/wp-json\/wp\/v2\/tags?post=1950"}],"curies":[{"name":"wp","href":"https:\/\/api.w.org\/{rel}","templated":true}]}}