{"id":1943,"date":"2024-08-04T16:12:17","date_gmt":"2024-08-04T20:12:17","guid":{"rendered":"https:\/\/nazarenonews.com.br\/?p=1943"},"modified":"2024-08-04T16:12:18","modified_gmt":"2024-08-04T20:12:18","slug":"policial-penal-ronaldo-reis-e-sepultado-com-honras-em-santo-antonio-do-leverger","status":"publish","type":"post","link":"https:\/\/nazarenonews.com.br\/index.php\/2024\/08\/04\/policial-penal-ronaldo-reis-e-sepultado-com-honras-em-santo-antonio-do-leverger\/","title":{"rendered":"Policial Penal Ronaldo Reis \u00e9 sepultado com honras em Santo Ant\u00f4nio do Leverger"},"content":{"rendered":"\n<p>G1-MT<\/p>\n\n\n\n<p>Na tarde do \u00faltimo s\u00e1bado (2), o policial penal Ronaldo Reis foi sepultado com honras e em meio a uma grande demonstra\u00e7\u00e3o de respeito e solidariedade por familiares, amigos e colegas de trabalho. Ronaldo, de 44 anos, faleceu na sexta-feira (1\u00ba) em um tr\u00e1gico acidente de tr\u00e2nsito.<\/p>\n\n\n\n<p>O vel\u00f3rio ocorreu na resid\u00eancia da fam\u00edlia, em Santo Ant\u00f4nio do Leverger, e o enterro foi realizado no cemit\u00e9rio local. A cerim\u00f4nia foi marcada pela presen\u00e7a de diversos colegas e membros da comunidade que se reuniram para prestar suas \u00faltimas homenagens ao policial penal.<\/p>\n\n\n\n<p>O Sindicato dos Policiais Penais do Estado de Mato Grosso (Sindsppen-MT) expressou seu profundo lamento pela perda de Ronaldo. Em um comunicado, o sindicato destacou a vivacidade, alegria e humildade do falecido, e ofereceu suas condol\u00eancias aos familiares e amigos. \u201cDesejamos que Deus conforte os familiares e amigos dessa dor imensur\u00e1vel. Neste momento de imensa tristeza, desejamos a todos que compartilhavam de sua vivacidade, alegria e humildade nossos sinceros sentimentos de pesar\u201d, afirmou o sindicato.<\/p>\n\n\n\n<p>Durante o sepultamento, uma salva de tiros foi realizada pelos colegas policiais penais em homenagem ao colega, uma tradi\u00e7\u00e3o que simboliza o respeito e a admira\u00e7\u00e3o pela trajet\u00f3ria e pelos servi\u00e7os prestados por Ronaldo.<\/p>\n","protected":false},"excerpt":{"rendered":"<p>G1-MT Na tarde do \u00faltimo s\u00e1bado (2), o policial penal Ronaldo Reis foi sepultado com honras e em meio a uma grande demonstra\u00e7\u00e3o de respeito e solidariedade por familiares, amigos e colegas de trabalho. Ronaldo, de 44 anos, faleceu na sexta-feira (1\u00ba) em um tr\u00e1gico acidente de tr\u00e2nsito. O vel\u00f3rio ocorreu na resid\u00eancia da fam\u00edlia, [&hellip;]<\/p>\n","protected":false},"author":2,"featured_media":1945,"comment_status":"closed","ping_status":"closed","sticky":false,"template":"","format":"standard","meta":{"_monsterinsights_skip_tracking":false,"_monsterinsights_sitenote_active":false,"_monsterinsights_sitenote_note":"","_monsterinsights_sitenote_category":0,"footnotes":""},"categories":[1],"tags":[],"_links":{"self":[{"href":"https:\/\/nazarenonews.com.br\/index.php\/wp-json\/wp\/v2\/posts\/1943"}],"collection":[{"href":"https:\/\/nazarenonews.com.br\/index.php\/wp-json\/wp\/v2\/posts"}],"about":[{"href":"https:\/\/nazarenonews.com.br\/index.php\/wp-json\/wp\/v2\/types\/post"}],"author":[{"embeddable":true,"href":"https:\/\/nazarenonews.com.br\/index.php\/wp-json\/wp\/v2\/users\/2"}],"replies":[{"embeddable":true,"href":"https:\/\/nazarenonews.com.br\/index.php\/wp-json\/wp\/v2\/comments?post=1943"}],"version-history":[{"count":1,"href":"https:\/\/nazarenonews.com.br\/index.php\/wp-json\/wp\/v2\/posts\/1943\/revisions"}],"predecessor-version":[{"id":1946,"href":"https:\/\/nazarenonews.com.br\/index.php\/wp-json\/wp\/v2\/posts\/1943\/revisions\/1946"}],"wp:featuredmedia":[{"embeddable":true,"href":"https:\/\/nazarenonews.com.br\/index.php\/wp-json\/wp\/v2\/media\/1945"}],"wp:attachment":[{"href":"https:\/\/nazarenonews.com.br\/index.php\/wp-json\/wp\/v2\/media?parent=1943"}],"wp:term":[{"taxonomy":"category","embeddable":true,"href":"https:\/\/nazarenonews.com.br\/index.php\/wp-json\/wp\/v2\/categories?post=1943"},{"taxonomy":"post_tag","embeddable":true,"href":"https:\/\/nazarenonews.com.br\/index.php\/wp-json\/wp\/v2\/tags?post=1943"}],"curies":[{"name":"wp","href":"https:\/\/api.w.org\/{rel}","templated":true}]}}