{"id":19380,"date":"2026-01-15T07:09:07","date_gmt":"2026-01-15T11:09:07","guid":{"rendered":"https:\/\/nazarenonews.com.br\/?p=19380"},"modified":"2026-01-15T07:09:07","modified_gmt":"2026-01-15T11:09:07","slug":"boi-gordo-hoje-confira-as-cotacoes-para-quinta-feira-15","status":"publish","type":"post","link":"https:\/\/nazarenonews.com.br\/index.php\/2026\/01\/15\/boi-gordo-hoje-confira-as-cotacoes-para-quinta-feira-15\/","title":{"rendered":"Boi gordo hoje: confira as cota\u00e7\u00f5es para quinta-feira (15)"},"content":{"rendered":"\n<p>As cota\u00e7\u00f5es do frango congelado e do frango resfriado apresentaram recuo, movimento acompanhado pela desvaloriza\u00e7\u00e3o da carca\u00e7a su\u00edna<\/p>\n\n\n\n<p>Data de publica\u00e7\u00e3o: 15 de Janeiro de 2026, 04:05h<\/p>\n\n\n\n<p>O pre\u00e7o do&nbsp;<strong>boi gordo<\/strong>&nbsp;nesta quinta-feira (15) apresenta&nbsp;<strong>queda<\/strong>; a arroba est\u00e1 sendo negociada a<strong>&nbsp;R$318,55<\/strong>, no estado de S\u00e3o Paulo.&nbsp;<\/p>\n\n\n\n<p><br><strong>INDICADOR DO BOI GORDO CEPEA\/ESALQ<\/strong><\/p>\n\n\n\n<figure class=\"wp-block-table\"><table><thead><tr><th>Data<\/th><th>Valor R$*<\/th><th>Var.\/Dia<\/th><th>Var.\/M\u00eas<\/th><th>Valor US$*<\/th><\/tr><\/thead><tbody><tr><td>14\/01\/2026<\/td><td>318,55<\/td><td>-0,03%<\/td><td>-0,20%<\/td><td>59,00<\/td><\/tr><tr><td>13\/01\/2026<\/td><td>318,65<\/td><td>-0,23%<\/td><td>-0,17%<\/td><td>59,23<\/td><\/tr><tr><td>12\/01\/2026<\/td><td>319,40<\/td><td>0,00%<\/td><td>0,06%<\/td><td>59,51<\/td><\/tr><tr><td>09\/01\/2026<\/td><td>319,40<\/td><td>0,03%<\/td><td>0,06%<\/td><td>59,51<\/td><\/tr><tr><td>08\/01\/2026<\/td><td>319,30<\/td><td>0,36%<\/td><td>0,03%<\/td><td>59,23<\/td><\/tr><\/tbody><\/table><\/figure>\n\n\n\n<p>Na Grande S\u00e3o Paulo, em S\u00e3o Jos\u00e9 do Rio Preto e em Descalvado, os pre\u00e7os do frango apresentaram<strong>&nbsp;queda,&nbsp;<\/strong>com baixa&nbsp;de 2% no produto congelado e de 1,98% no frango resfriado. O frango congelado \u00e9 negociado a R$7,34, enquanto o resfriado est\u00e1 cotado a R$7,41<strong>.<\/strong><\/p>\n\n\n\n<p><br><strong>PRE\u00c7OS DO FRANGO CONGELADO CEPEA\/ESALQ &#8211; ESTADO SP<\/strong><\/p>\n\n\n\n<figure class=\"wp-block-table\"><table><thead><tr><th>Data<\/th><th>Valor R$<\/th><th>Var.\/Dia<\/th><th>Var.\/M\u00eas<\/th><\/tr><\/thead><tbody><tr><td>14\/01\/2026<\/td><td>7,34<\/td><td>-2,00%<\/td><td>-9,61%<\/td><\/tr><tr><td>13\/01\/2026<\/td><td>7,49<\/td><td>-0,53%<\/td><td>-7,76%<\/td><\/tr><tr><td>12\/01\/2026<\/td><td>7,53<\/td><td>0,27%<\/td><td>-7,27%<\/td><\/tr><tr><td>09\/01\/2026<\/td><td>7,51<\/td><td>-1,70%<\/td><td>-7,51%<\/td><\/tr><tr><td>08\/01\/2026<\/td><td>7,64<\/td><td>0,00%<\/td><td>-5,91%<\/td><\/tr><\/tbody><\/table><\/figure>\n\n\n\n<p><strong>PRE\u00c7OS DO FRANGO RESFRIADO CEPEA\/ESALQ &#8211; ESTADO SP<\/strong><\/p>\n\n\n\n<figure class=\"wp-block-table\"><table><thead><tr><th>Data<\/th><th>Valor R$<\/th><th>Var.\/Dia<\/th><th>Var.\/M\u00eas<\/th><\/tr><\/thead><tbody><tr><td>14\/01\/2026<\/td><td>7,41<\/td><td>-1,98%<\/td><td>-8,97%<\/td><\/tr><tr><td>13\/01\/2026<\/td><td>7,56<\/td><td>-0,66%<\/td><td>-7,13%<\/td><\/tr><tr><td>12\/01\/2026<\/td><td>7,61<\/td><td>0,93%<\/td><td>-6,51%<\/td><\/tr><tr><td>09\/01\/2026<\/td><td>7,54<\/td><td>-1,95%<\/td><td>-7,37%<\/td><\/tr><tr><td>08\/01\/2026<\/td><td>7,69<\/td><td>0,00%<\/td><td>-5,53%<\/td><\/tr><\/tbody><\/table><\/figure>\n\n\n\n<h2 class=\"wp-block-heading\">Pre\u00e7o da carca\u00e7a su\u00edna especial e su\u00edno vivo<\/h2>\n\n\n\n<p>A carca\u00e7a su\u00edna especial apresenta&nbsp;<strong>desvaloriza\u00e7\u00e3o<\/strong>, sendo negociada a R$12,45, por quilo nos atacados da Grande S\u00e3o Paulo.<\/p>\n\n\n\n<p>O su\u00edno vivo registra&nbsp;<strong>queda&nbsp;<\/strong>na maior parte dos estados, com destaque para S\u00e3o Paulo, onde o animal \u00e9 comercializado a R$8,76.<\/p>\n\n\n\n<p><strong>PRE\u00c7OS DA CARCA\u00c7A SU\u00cdNA ESPECIAL (R$\/kg)<\/strong><\/p>\n\n\n\n<figure class=\"wp-block-table\"><table><thead><tr><th>Data<\/th><th>M\u00e9dia<\/th><th>Var.\/Dia<\/th><th>Var.\/M\u00eas<\/th><\/tr><\/thead><tbody><tr><td>14\/01\/2026<\/td><td>12,45<\/td><td>-0,64%<\/td><td>-3,19%<\/td><\/tr><tr><td>13\/01\/2026<\/td><td>12,53<\/td><td>-0,71%<\/td><td>-2,57%<\/td><\/tr><tr><td>12\/01\/2026<\/td><td>12,62<\/td><td>-1,71%<\/td><td>-1,87%<\/td><\/tr><tr><td>09\/01\/2026<\/td><td>12,84<\/td><td>-0,39%<\/td><td>-0,16%<\/td><\/tr><tr><td>08\/01\/2026<\/td><td>12,89<\/td><td>0,00%<\/td><td>0,23%<\/td><\/tr><\/tbody><\/table><\/figure>\n\n\n\n<p><strong>INDICADOR DO SU\u00cdNO VIVO CEPEA\/ESALQ (R$\/kg<\/strong><\/p>\n\n\n\n<figure class=\"wp-block-table\"><table><thead><tr><th>Data<\/th><th>Estado<\/th><th>Valor R$*<\/th><th>Var.\/Dia<\/th><th>Var.\/M\u00eas<\/th><\/tr><\/thead><tbody><tr><td>14\/01\/2026<\/td><td>MG &#8211; posto<\/td><td>8,25<\/td><td>0,12%<\/td><td>-2,14%<\/td><\/tr><tr><td>14\/01\/2026<\/td><td>PR &#8211; a retirar<\/td><td>8,15<\/td><td>-0,49%<\/td><td>-1,45%<\/td><\/tr><tr><td>14\/01\/2026<\/td><td>RS &#8211; a retirar<\/td><td>8,16<\/td><td>-0,73%<\/td><td>-1,69%<\/td><\/tr><tr><td>14\/01\/2026<\/td><td>SC &#8211; a retirar<\/td><td>8,14<\/td><td>-1,21%<\/td><td>-2,51%<\/td><\/tr><tr><td>14\/01\/2026<\/td><td>SP &#8211; posto<\/td><td>8,76<\/td><td>-0,23%<\/td><td>-1,68%<\/td><\/tr><\/tbody><\/table><\/figure>\n\n\n\n<p>Os valores s\u00e3o do&nbsp;<a href=\"https:\/\/www.cepea.org.br\/br\/indicador\/boi-gordo.aspx\">Cepea<\/a>.<\/p>\n\n\n\n<h2 class=\"wp-block-heading\">O que \u00e9 o boi gordo? Entenda o termo do mercado bovino<\/h2>\n\n\n\n<p>O boi gordo \u00e9 o bovino macho pronto para o abate, com peso m\u00ednimo de 16 arrobas l\u00edquidas de carca\u00e7a (aproximadamente 240 kg) e at\u00e9 42 meses de idade. Atende aos padr\u00f5es do mercado nacional e internacional, incluindo exporta\u00e7\u00f5es para Europa, China e cota Hilton.<\/p>\n\n\n\n<h2 class=\"wp-block-heading\">Diferen\u00e7as entre frango congelado e frango resfriado<\/h2>\n\n\n\n<p>O frango congelado passa por congelamento r\u00e1pido, com temperaturas abaixo de -12\u00b0C, garantindo maior vida \u00fatil para armazenamento e transporte a longas dist\u00e2ncias. J\u00e1 o frango resfriado \u00e9 mantido entre 0\u00b0C e 4\u00b0C, com validade de 5 a 7 dias, oferecendo textura e sabor mais pr\u00f3ximos do fresco, ideal para consumidores exigentes e restaurantes.<\/p>\n","protected":false},"excerpt":{"rendered":"<p>As cota\u00e7\u00f5es do frango congelado e do frango resfriado apresentaram recuo, movimento acompanhado pela desvaloriza\u00e7\u00e3o da carca\u00e7a su\u00edna Data de publica\u00e7\u00e3o: 15 de Janeiro de 2026, 04:05h O pre\u00e7o do&nbsp;boi gordo&nbsp;nesta quinta-feira (15) apresenta&nbsp;queda; a arroba est\u00e1 sendo negociada a&nbsp;R$318,55, no estado de S\u00e3o Paulo.&nbsp; INDICADOR DO BOI GORDO CEPEA\/ESALQ Data Valor R$* Var.\/Dia Var.\/M\u00eas [&hellip;]<\/p>\n","protected":false},"author":2,"featured_media":18905,"comment_status":"closed","ping_status":"closed","sticky":false,"template":"","format":"standard","meta":{"_monsterinsights_skip_tracking":false,"_monsterinsights_sitenote_active":false,"_monsterinsights_sitenote_note":"","_monsterinsights_sitenote_category":0,"footnotes":""},"categories":[54],"tags":[],"_links":{"self":[{"href":"https:\/\/nazarenonews.com.br\/index.php\/wp-json\/wp\/v2\/posts\/19380"}],"collection":[{"href":"https:\/\/nazarenonews.com.br\/index.php\/wp-json\/wp\/v2\/posts"}],"about":[{"href":"https:\/\/nazarenonews.com.br\/index.php\/wp-json\/wp\/v2\/types\/post"}],"author":[{"embeddable":true,"href":"https:\/\/nazarenonews.com.br\/index.php\/wp-json\/wp\/v2\/users\/2"}],"replies":[{"embeddable":true,"href":"https:\/\/nazarenonews.com.br\/index.php\/wp-json\/wp\/v2\/comments?post=19380"}],"version-history":[{"count":1,"href":"https:\/\/nazarenonews.com.br\/index.php\/wp-json\/wp\/v2\/posts\/19380\/revisions"}],"predecessor-version":[{"id":19381,"href":"https:\/\/nazarenonews.com.br\/index.php\/wp-json\/wp\/v2\/posts\/19380\/revisions\/19381"}],"wp:featuredmedia":[{"embeddable":true,"href":"https:\/\/nazarenonews.com.br\/index.php\/wp-json\/wp\/v2\/media\/18905"}],"wp:attachment":[{"href":"https:\/\/nazarenonews.com.br\/index.php\/wp-json\/wp\/v2\/media?parent=19380"}],"wp:term":[{"taxonomy":"category","embeddable":true,"href":"https:\/\/nazarenonews.com.br\/index.php\/wp-json\/wp\/v2\/categories?post=19380"},{"taxonomy":"post_tag","embeddable":true,"href":"https:\/\/nazarenonews.com.br\/index.php\/wp-json\/wp\/v2\/tags?post=19380"}],"curies":[{"name":"wp","href":"https:\/\/api.w.org\/{rel}","templated":true}]}}