{"id":19378,"date":"2026-01-15T07:07:26","date_gmt":"2026-01-15T11:07:26","guid":{"rendered":"https:\/\/nazarenonews.com.br\/?p=19378"},"modified":"2026-01-15T07:07:26","modified_gmt":"2026-01-15T11:07:26","slug":"dolar-moeda-fecha-em-alta-mas-permanece-abaixo-de-r-540","status":"publish","type":"post","link":"https:\/\/nazarenonews.com.br\/index.php\/2026\/01\/15\/dolar-moeda-fecha-em-alta-mas-permanece-abaixo-de-r-540\/","title":{"rendered":"D\u00d3LAR: moeda fecha em alta, mas permanece abaixo de R$ 5,40"},"content":{"rendered":"\n<p>Moeda foi influenciada por volatilidade externa, cen\u00e1rio eleitoral interno e dados da economia americana<\/p>\n\n\n\n<p>Data de publica\u00e7\u00e3o: 14 de Janeiro de 2026, 20:45h<\/p>\n\n\n\n<p>O d\u00f3lar encerrou o \u00faltimo preg\u00e3o em&nbsp;<strong>alta de 0,49%<\/strong>, cotado a&nbsp;<strong>R$ 5,39<\/strong>. Apesar da valoriza\u00e7\u00e3o, a moeda americana seguiu&nbsp;<strong>abaixo do patamar de R$ 5,40&nbsp;<\/strong>ao longo do dia, em meio a um cen\u00e1rio de forte volatilidade no mercado de c\u00e2mbio.<\/p>\n\n\n\n<p>Durante a manh\u00e3, o d\u00f3lar chegou a atingir R$ 5,42, pressionado por not\u00edcias relacionadas a<strong>&nbsp;restri\u00e7\u00f5es migrat\u00f3rias envolvendo brasileiros<\/strong>, o que aumentou a cautela dos investidores. No cen\u00e1rio externo, o \u00edndice DXY, que mede o desempenho do d\u00f3lar frente a uma cesta de seis moedas fortes, operava em leve queda, indicando comportamento misto da divisa no mercado internacional.<\/p>\n\n\n\n<p>De acordo com especialistas, o c\u00e2mbio tem operado em uma faixa relativamente&nbsp;<strong>equilibrada<\/strong>, entre R$ 5,35 e R$ 5,40, refletindo a combina\u00e7\u00e3o de fatores externos e incertezas no ambiente dom\u00e9stico. A avalia\u00e7\u00e3o \u00e9 de que o notici\u00e1rio pol\u00edtico deve ganhar mais peso nos pr\u00f3ximos meses, \u00e0 medida que o calend\u00e1rio eleitoral avan\u00e7a.<\/p>\n\n\n\n<p>Al\u00e9m disso, dados divulgados sobre a economia dos Estados Unidos refor\u00e7aram a expectativa de que o in\u00edcio do ciclo de corte de juros no pa\u00eds seja adiado, o que tamb\u00e9m contribuiu para os movimentos do d\u00f3lar no mercado brasileiro.<\/p>\n\n\n\n<h2 class=\"wp-block-heading\">Cota\u00e7\u00e3o do euro<\/h2>\n\n\n\n<p>J\u00e1 o euro encerrou o \u00faltimo preg\u00e3o cotado a R$6,27.<\/p>\n\n\n\n<h2 class=\"wp-block-heading\">Cota\u00e7\u00f5es<\/h2>\n\n\n\n<p>A tabela abaixo mostra as cota\u00e7\u00f5es cruzadas entre as principais moedas internacionais e o real. Cada c\u00e9lula indica quanto vale 1 unidade da moeda da linha em rela\u00e7\u00e3o \u00e0 moeda da coluna.<\/p>\n\n\n\n<figure class=\"wp-block-table\"><table><thead><tr><th>C\u00f3digo<\/th><th>BRL<\/th><th>USD<\/th><th>EUR<\/th><th>GBP<\/th><th>JPY<\/th><th>CHF<\/th><th>CAD<\/th><th>AUD<\/th><\/tr><\/thead><tbody><tr><td>BRL<\/td><td>1<\/td><td>0,1855<\/td><td>0,1593<\/td><td>0,1381<\/td><td>29,4075<\/td><td>0,1484<\/td><td>0,2575<\/td><td>0,2775<\/td><\/tr><tr><td>USD<\/td><td>5,3920<\/td><td>1<\/td><td>0,8588<\/td><td>0,7444<\/td><td>158,58<\/td><td>0,8004<\/td><td>1,3884<\/td><td>1,4963<\/td><\/tr><tr><td>EUR<\/td><td>6,2775<\/td><td>1,1643<\/td><td>1<\/td><td>0,8668<\/td><td>184,64<\/td><td>0,9319<\/td><td>1,6165<\/td><td>1,7421<\/td><\/tr><tr><td>GBP<\/td><td>7,2449<\/td><td>1,3432<\/td><td>1,1537<\/td><td>1<\/td><td>213,02<\/td><td>1,0751<\/td><td>1,8650<\/td><td>2,0098<\/td><\/tr><tr><td>JPY<\/td><td>3,40061<\/td><td>0,630656<\/td><td>0,54162<\/td><td>0,469462<\/td><td>1<\/td><td>0,5047<\/td><td>0,87557<\/td><td>0,94362<\/td><\/tr><tr><td>CHF<\/td><td>6,7375<\/td><td>1,2496<\/td><td>1,0732<\/td><td>0,9302<\/td><td>198,15<\/td><td>1<\/td><td>1,7348<\/td><td>1,8699<\/td><\/tr><tr><td>CAD<\/td><td>3,8839<\/td><td>0,7203<\/td><td>0,6187<\/td><td>0,5362<\/td><td>114,22<\/td><td>0,5765<\/td><td>1<\/td><td>1,0778<\/td><\/tr><tr><td>AUD<\/td><td>3,6030<\/td><td>0,6684<\/td><td>0,5740<\/td><td>0,4975<\/td><td>105,99<\/td><td>0,5349<\/td><td>0,9279<\/td><td>1<\/td><\/tr><\/tbody><\/table><\/figure>\n\n\n\n<p>Os dados s\u00e3o da&nbsp;<a href=\"https:\/\/br.investing.com\/currencies\/exchange-rates-table\">Investing.com<\/a>.<\/p>\n","protected":false},"excerpt":{"rendered":"<p>Moeda foi influenciada por volatilidade externa, cen\u00e1rio eleitoral interno e dados da economia americana Data de publica\u00e7\u00e3o: 14 de Janeiro de 2026, 20:45h O d\u00f3lar encerrou o \u00faltimo preg\u00e3o em&nbsp;alta de 0,49%, cotado a&nbsp;R$ 5,39. Apesar da valoriza\u00e7\u00e3o, a moeda americana seguiu&nbsp;abaixo do patamar de R$ 5,40&nbsp;ao longo do dia, em meio a um cen\u00e1rio [&hellip;]<\/p>\n","protected":false},"author":2,"featured_media":18869,"comment_status":"closed","ping_status":"closed","sticky":false,"template":"","format":"standard","meta":{"_monsterinsights_skip_tracking":false,"_monsterinsights_sitenote_active":false,"_monsterinsights_sitenote_note":"","_monsterinsights_sitenote_category":0,"footnotes":""},"categories":[54],"tags":[],"_links":{"self":[{"href":"https:\/\/nazarenonews.com.br\/index.php\/wp-json\/wp\/v2\/posts\/19378"}],"collection":[{"href":"https:\/\/nazarenonews.com.br\/index.php\/wp-json\/wp\/v2\/posts"}],"about":[{"href":"https:\/\/nazarenonews.com.br\/index.php\/wp-json\/wp\/v2\/types\/post"}],"author":[{"embeddable":true,"href":"https:\/\/nazarenonews.com.br\/index.php\/wp-json\/wp\/v2\/users\/2"}],"replies":[{"embeddable":true,"href":"https:\/\/nazarenonews.com.br\/index.php\/wp-json\/wp\/v2\/comments?post=19378"}],"version-history":[{"count":1,"href":"https:\/\/nazarenonews.com.br\/index.php\/wp-json\/wp\/v2\/posts\/19378\/revisions"}],"predecessor-version":[{"id":19379,"href":"https:\/\/nazarenonews.com.br\/index.php\/wp-json\/wp\/v2\/posts\/19378\/revisions\/19379"}],"wp:featuredmedia":[{"embeddable":true,"href":"https:\/\/nazarenonews.com.br\/index.php\/wp-json\/wp\/v2\/media\/18869"}],"wp:attachment":[{"href":"https:\/\/nazarenonews.com.br\/index.php\/wp-json\/wp\/v2\/media?parent=19378"}],"wp:term":[{"taxonomy":"category","embeddable":true,"href":"https:\/\/nazarenonews.com.br\/index.php\/wp-json\/wp\/v2\/categories?post=19378"},{"taxonomy":"post_tag","embeddable":true,"href":"https:\/\/nazarenonews.com.br\/index.php\/wp-json\/wp\/v2\/tags?post=19378"}],"curies":[{"name":"wp","href":"https:\/\/api.w.org\/{rel}","templated":true}]}}