{"id":19375,"date":"2026-01-15T07:04:55","date_gmt":"2026-01-15T11:04:55","guid":{"rendered":"https:\/\/nazarenonews.com.br\/?p=19375"},"modified":"2026-01-15T08:51:28","modified_gmt":"2026-01-15T12:51:28","slug":"flavio-saltou-de-26-para-32-e-pressiona-lula-no-1o-turno","status":"publish","type":"post","link":"https:\/\/nazarenonews.com.br\/index.php\/2026\/01\/15\/flavio-saltou-de-26-para-32-e-pressiona-lula-no-1o-turno\/","title":{"rendered":"Fl\u00e1vio saltou de 26% para 32% e pressiona Lula no 1\u00ba turno"},"content":{"rendered":"\n<p>A mais recente rodada da pesquisa Genial Quaest, divulgada nesta quarta-feira (14), indica avan\u00e7o de Fl\u00e1vio Bolsonaro (PL) na disputa presidencial de 2026, especialmente em cen\u00e1rios que n\u00e3o incluem o governador de S\u00e3o Paulo, Tarc\u00edsio de Freitas (Republicanos).<\/p>\n\n\n\n<p>Nesse recorte, o senador passou de 26% das inten\u00e7\u00f5es de voto em dezembro para 32% agora, um crescimento de seis pontos percentuais em pouco mais de um m\u00eas. O desempenho reduz a dist\u00e2ncia em rela\u00e7\u00e3o ao presidente Luiz In\u00e1cio Lula da Silva (PT), que manteve os mesmos 39% registrados na rodada anterior do levantamento.<\/p>\n\n\n\n<p>A estabilidade de Lula, combinada com a alta de Fl\u00e1vio Bolsonaro, encurta a margem entre os dois no primeiro turno e refor\u00e7a a avalia\u00e7\u00e3o de que o campo bolsonarista come\u00e7a a consolidar um nome competitivo quando Tarc\u00edsio n\u00e3o aparece como op\u00e7\u00e3o eleitoral. O resultado tamb\u00e9m sugere um poss\u00edvel limite de crescimento do petista neste est\u00e1gio inicial do ano pr\u00e9-eleitoral.<\/p>\n\n\n\n<p>Os dados evidenciam a import\u00e2ncia da defini\u00e7\u00e3o do candidato da direita para a din\u00e2mica da corrida presidencial. A aus\u00eancia de Tarc\u00edsio tende a concentrar votos no herdeiro pol\u00edtico de Jair Bolsonaro, enquanto a perman\u00eancia do governador no cen\u00e1rio fragmenta esse eleitorado e modifica o ritmo da disputa.<\/p>\n\n\n\n<p>A pesquisa Genial Quaest ouviu 2.004 entrevistados entre os dias 8 e 11 de janeiro. A margem de erro estimada \u00e9 de dois pontos percentuais, para mais ou para menos.<\/p>\n\n\n\n<p>Folha do estado<\/p>\n","protected":false},"excerpt":{"rendered":"<p>A mais recente rodada da pesquisa Genial Quaest, divulgada nesta quarta-feira (14), indica avan\u00e7o de Fl\u00e1vio Bolsonaro (PL) na disputa presidencial de 2026, especialmente em cen\u00e1rios que n\u00e3o incluem o governador de S\u00e3o Paulo, Tarc\u00edsio de Freitas (Republicanos). Nesse recorte, o senador passou de 26% das inten\u00e7\u00f5es de voto em dezembro para 32% agora, um [&hellip;]<\/p>\n","protected":false},"author":2,"featured_media":19384,"comment_status":"closed","ping_status":"closed","sticky":false,"template":"","format":"standard","meta":{"_monsterinsights_skip_tracking":false,"_monsterinsights_sitenote_active":false,"_monsterinsights_sitenote_note":"","_monsterinsights_sitenote_category":0,"footnotes":""},"categories":[1],"tags":[],"_links":{"self":[{"href":"https:\/\/nazarenonews.com.br\/index.php\/wp-json\/wp\/v2\/posts\/19375"}],"collection":[{"href":"https:\/\/nazarenonews.com.br\/index.php\/wp-json\/wp\/v2\/posts"}],"about":[{"href":"https:\/\/nazarenonews.com.br\/index.php\/wp-json\/wp\/v2\/types\/post"}],"author":[{"embeddable":true,"href":"https:\/\/nazarenonews.com.br\/index.php\/wp-json\/wp\/v2\/users\/2"}],"replies":[{"embeddable":true,"href":"https:\/\/nazarenonews.com.br\/index.php\/wp-json\/wp\/v2\/comments?post=19375"}],"version-history":[{"count":1,"href":"https:\/\/nazarenonews.com.br\/index.php\/wp-json\/wp\/v2\/posts\/19375\/revisions"}],"predecessor-version":[{"id":19377,"href":"https:\/\/nazarenonews.com.br\/index.php\/wp-json\/wp\/v2\/posts\/19375\/revisions\/19377"}],"wp:featuredmedia":[{"embeddable":true,"href":"https:\/\/nazarenonews.com.br\/index.php\/wp-json\/wp\/v2\/media\/19384"}],"wp:attachment":[{"href":"https:\/\/nazarenonews.com.br\/index.php\/wp-json\/wp\/v2\/media?parent=19375"}],"wp:term":[{"taxonomy":"category","embeddable":true,"href":"https:\/\/nazarenonews.com.br\/index.php\/wp-json\/wp\/v2\/categories?post=19375"},{"taxonomy":"post_tag","embeddable":true,"href":"https:\/\/nazarenonews.com.br\/index.php\/wp-json\/wp\/v2\/tags?post=19375"}],"curies":[{"name":"wp","href":"https:\/\/api.w.org\/{rel}","templated":true}]}}