{"id":19369,"date":"2026-01-15T07:00:37","date_gmt":"2026-01-15T11:00:37","guid":{"rendered":"https:\/\/nazarenonews.com.br\/?p=19369"},"modified":"2026-01-15T09:21:20","modified_gmt":"2026-01-15T13:21:20","slug":"justica-manda-prender-secretario-de-dom-aquino-que-estuprou-crianca","status":"publish","type":"post","link":"https:\/\/nazarenonews.com.br\/index.php\/2026\/01\/15\/justica-manda-prender-secretario-de-dom-aquino-que-estuprou-crianca\/","title":{"rendered":"Justi\u00e7a manda prender secret\u00e1rio de Dom Aquino que estuprou crian\u00e7a"},"content":{"rendered":"\n<p>A Justi\u00e7a de Mato Grosso emitiu um mandado de pris\u00e3o definitiva contra o secret\u00e1rio municipal de Administra\u00e7\u00e3o de Dom Aquino (a 188 km de Cuiab\u00e1),&nbsp;<strong>Wellinton Roberto Nascimento<\/strong>. Ele foi condenado a uma pena de&nbsp;<strong>10 anos e oito meses<\/strong>&nbsp;de reclus\u00e3o, em regime inicialmente fechado, pelo crime de estupro de vulner\u00e1vel. At\u00e9 o momento, ele \u00e9 considerado foragido.<\/p>\n\n\n\n<p>A ordem de pris\u00e3o foi assinada pela ju\u00edza&nbsp;<strong>Amanda Pereira Leite Dias<\/strong>, da Vara \u00danica do munic\u00edpio, nessa segunda-feira (12). O documento foi emitido ap\u00f3s o tr\u00e2nsito em julgado da condena\u00e7\u00e3o, etapa em que n\u00e3o h\u00e1 mais possibilidade de recursos sobre o m\u00e9rito da decis\u00e3o. O processo contra o secret\u00e1rio tramitava no Judici\u00e1rio desde 2018.<\/p>\n\n\n\n<p>De acordo com a senten\u00e7a, o estupro foi praticado por diversas vezes, o que levou ao reconhecimento da continuidade delitiva e, consequentemente, ao aumento da pena final. Wellinton, conhecido como &#8220;Neguinho&#8221;, respondeu a toda a a\u00e7\u00e3o penal em liberdade, mas agora deve ser recolhido a uma unidade prisional para o in\u00edcio do cumprimento da san\u00e7\u00e3o.<\/p>\n\n\n\n<p>A magistrada destacou no mandado que, devido ao tempo de condena\u00e7\u00e3o superior a oito anos, o r\u00e9u n\u00e3o possui direito \u00e0 substitui\u00e7\u00e3o da pris\u00e3o por penas restritivas de direitos ou \u00e0 suspens\u00e3o condicional da pena. O mandado de pris\u00e3o tem validade estipulada at\u00e9 janeiro de 2042.<\/p>\n\n\n\n<p>At\u00e9 o fechamento desta mat\u00e9ria, o secret\u00e1rio n\u00e3o havia sido localizado pelas autoridades policiais e a prefeitura do munic\u00edpio n\u00e3o havia emitido nota oficial sobre o caso.<\/p>\n\n\n\n<p>Rep\u00f3rter MT<\/p>\n\n\n\n<p><\/p>\n","protected":false},"excerpt":{"rendered":"<p>A Justi\u00e7a de Mato Grosso emitiu um mandado de pris\u00e3o definitiva contra o secret\u00e1rio municipal de Administra\u00e7\u00e3o de Dom Aquino (a 188 km de Cuiab\u00e1),&nbsp;Wellinton Roberto Nascimento. Ele foi condenado a uma pena de&nbsp;10 anos e oito meses&nbsp;de reclus\u00e3o, em regime inicialmente fechado, pelo crime de estupro de vulner\u00e1vel. At\u00e9 o momento, ele \u00e9 considerado [&hellip;]<\/p>\n","protected":false},"author":2,"featured_media":19386,"comment_status":"closed","ping_status":"closed","sticky":false,"template":"","format":"standard","meta":{"_monsterinsights_skip_tracking":false,"_monsterinsights_sitenote_active":false,"_monsterinsights_sitenote_note":"","_monsterinsights_sitenote_category":0,"footnotes":""},"categories":[1],"tags":[],"_links":{"self":[{"href":"https:\/\/nazarenonews.com.br\/index.php\/wp-json\/wp\/v2\/posts\/19369"}],"collection":[{"href":"https:\/\/nazarenonews.com.br\/index.php\/wp-json\/wp\/v2\/posts"}],"about":[{"href":"https:\/\/nazarenonews.com.br\/index.php\/wp-json\/wp\/v2\/types\/post"}],"author":[{"embeddable":true,"href":"https:\/\/nazarenonews.com.br\/index.php\/wp-json\/wp\/v2\/users\/2"}],"replies":[{"embeddable":true,"href":"https:\/\/nazarenonews.com.br\/index.php\/wp-json\/wp\/v2\/comments?post=19369"}],"version-history":[{"count":1,"href":"https:\/\/nazarenonews.com.br\/index.php\/wp-json\/wp\/v2\/posts\/19369\/revisions"}],"predecessor-version":[{"id":19371,"href":"https:\/\/nazarenonews.com.br\/index.php\/wp-json\/wp\/v2\/posts\/19369\/revisions\/19371"}],"wp:featuredmedia":[{"embeddable":true,"href":"https:\/\/nazarenonews.com.br\/index.php\/wp-json\/wp\/v2\/media\/19386"}],"wp:attachment":[{"href":"https:\/\/nazarenonews.com.br\/index.php\/wp-json\/wp\/v2\/media?parent=19369"}],"wp:term":[{"taxonomy":"category","embeddable":true,"href":"https:\/\/nazarenonews.com.br\/index.php\/wp-json\/wp\/v2\/categories?post=19369"},{"taxonomy":"post_tag","embeddable":true,"href":"https:\/\/nazarenonews.com.br\/index.php\/wp-json\/wp\/v2\/tags?post=19369"}],"curies":[{"name":"wp","href":"https:\/\/api.w.org\/{rel}","templated":true}]}}