{"id":19354,"date":"2026-01-14T13:15:35","date_gmt":"2026-01-14T17:15:35","guid":{"rendered":"https:\/\/nazarenonews.com.br\/?p=19354"},"modified":"2026-01-14T13:15:35","modified_gmt":"2026-01-14T17:15:35","slug":"irmaos-acusados-de-matar-filha-de-deputado-vao-a-juri-em-mt","status":"publish","type":"post","link":"https:\/\/nazarenonews.com.br\/index.php\/2026\/01\/14\/irmaos-acusados-de-matar-filha-de-deputado-vao-a-juri-em-mt\/","title":{"rendered":"Irm\u00e3os acusados de matar filha de deputado v\u00e3o a j\u00fari em MT"},"content":{"rendered":"\n<p>A sess\u00e3o de julgamento pelo Tribunal do J\u00fari dos irm\u00e3os&nbsp;<strong>Romero Xavier Mengarde<\/strong>&nbsp;e&nbsp;<strong>Rodrigo Xavier Mengarde<\/strong>, acusados de planejar e executar o assassinato da produtora rural&nbsp;<strong>Raquel Cattani<\/strong>, de 26 anos, acontecer\u00e1 no pr\u00f3ximo dia 22, em Nova Mutum (a 242 km de Cuiab\u00e1), em Mato Grosso. A v\u00edtima era filha do deputado estadual Gilberto Cattani (PL) e foi morta com 34 golpes de faca dentro da pr\u00f3pria casa, em julho de 2024.<\/p>\n\n\n\n<p>Nessa ter\u00e7a-feira (13), a 3\u00aa Vara de Nova Mutum definiu algumas regras para participa\u00e7\u00e3o na sess\u00e3o de julgamento, que ser\u00e1 presidida pela ju\u00edza Ana Helena Alves Porcel Ronkoski.<\/p>\n\n\n\n<p>Entre as determina\u00e7\u00f5es est\u00e3o a limita\u00e7\u00e3o da capacidade do plen\u00e1rio a 60 pessoas, sendo 10 vagas reservadas \u00e0 imprensa, al\u00e9m da proibi\u00e7\u00e3o da produ\u00e7\u00e3o de \u00e1udios, v\u00eddeos e transmiss\u00f5es em tempo real.<\/p>\n\n\n\n<p>A participa\u00e7\u00e3o na sess\u00e3o s\u00f3 ser\u00e1 permitida mediante inscri\u00e7\u00e3o pr\u00e9via.<\/p>\n\n\n\n<p><strong>Regras para a imprensa<\/strong><\/p>\n\n\n\n<p>Dez vagas no plen\u00e1rio onde ocorrer\u00e1 o julgamento de Romero e Rodrigo ser\u00e3o reservadas \u00e0 imprensa, sendo permitido apenas um representante por ve\u00edculo. O credenciamento deve ser solicitado at\u00e9 as 14h do dia 20 de janeiro, pelo e-mail&nbsp;jornalismo@tjmt.jus.br. Caso o n\u00famero de pedidos seja superior ao de vagas, a Assessoria de Imprensa do Tribunal de Justi\u00e7a de Mato Grosso (TJMT) realizar\u00e1 um sorteio.<\/p>\n\n\n\n<p>Somente os assessores de imprensa do TJ poder\u00e3o gravar \u00e1udio e v\u00eddeo da sess\u00e3o, material que ser\u00e1 disponibilizado posteriormente aos demais ve\u00edculos. Tamb\u00e9m est\u00e1 proibida qualquer transmiss\u00e3o em tempo real do julgamento.<\/p>\n\n\n\n<p>N\u00e3o ser\u00e1 permitido o trabalho jornal\u00edstico dentro do plen\u00e1rio. Informa\u00e7\u00f5es sobre o andamento da sess\u00e3o s\u00f3 poder\u00e3o ser repassadas fora do ambiente interno, por meio de liga\u00e7\u00f5es telef\u00f4nicas ou registros externos.<\/p>\n\n\n\n<p><strong>Acesso do p\u00fablico em geral<\/strong><\/p>\n\n\n\n<p>Vinte e cinco vagas ser\u00e3o reservadas para familiares e pessoas pr\u00f3ximas da v\u00edtima e dos r\u00e9us. Para ocupar essas vagas, as partes dever\u00e3o encaminhar ao gabinete uma rela\u00e7\u00e3o contendo nome completo, CPF e indica\u00e7\u00e3o do v\u00ednculo, acompanhada da comprova\u00e7\u00e3o do grau de parentesco ou proximidade. A documenta\u00e7\u00e3o deve ser enviada impreterivelmente at\u00e9 as 14h do dia 20 de janeiro de 2026.<\/p>\n\n\n\n<p>Outras 25 vagas ser\u00e3o destinadas ao p\u00fablico em geral. As inscri\u00e7\u00f5es devem ser feitas at\u00e9 as 14h do dia 20 de janeiro de 2026, pelo WhatsApp (66) 99205-8999. Caso o n\u00famero de interessados seja maior que o de vagas, tamb\u00e9m haver\u00e1 sorteio.<\/p>\n\n\n\n<p><strong>Proibi\u00e7\u00e3o de celulares e eletr\u00f4nicos<\/strong><\/p>\n\n\n\n<p>Est\u00e1 proibido o uso de celulares, notebooks, gravadores e outros aparelhos eletr\u00f4nicos dentro do plen\u00e1rio. A regra vale para todos, com exce\u00e7\u00e3o da magistrada, advogados, servidores e demais profissionais que atuam diretamente no processo. O controle ser\u00e1 feito pela Pol\u00edcia Militar, com uso de detectores de metal.<\/p>\n\n\n\n<p>A decis\u00e3o tamb\u00e9m pro\u00edbe manifesta\u00e7\u00f5es p\u00fablicas de autoridades durante o julgamento, com o objetivo de evitar interfer\u00eancias e garantir a imparcialidade dos jurados. O acesso ao sagu\u00e3o ser\u00e1 permitido apenas a pessoas previamente autorizadas.<\/p>\n\n\n\n<p>A seguran\u00e7a ser\u00e1 refor\u00e7ada pela Pol\u00edcia Militar e pela Coordenadoria Militar do TJMT. As medidas buscam assegurar a transpar\u00eancia do julgamento, sem comprometer a ordem dos trabalhos nem a imagem e a intimidade da v\u00edtima.<\/p>\n\n\n\n<p><strong>O crime<\/strong><\/p>\n\n\n\n<p>Romero Xavier Mengarde e Rodrigo Xavier Mengarde foram denunciados pelo Minist\u00e9rio P\u00fablico de Mato Grosso (MPMT) como mandante e executor do crime, registrado em 18 de julho de 2024, no Rancho PH, no Assentamento Pontal do Marape, na zona rural de Nova Mutum.<\/p>\n\n\n\n<p>Romero, que foi casado com Raquel por cerca de dez anos e n\u00e3o aceitava o fim do relacionamento, teria planejado o crime e oferecido R$ 4 mil ao irm\u00e3o Rodrigo para mat\u00e1-la. Conforme a investiga\u00e7\u00e3o, os dois se ajustaram previamente para a execu\u00e7\u00e3o.<\/p>\n\n\n\n<p>Na noite do crime, Rodrigo entrou na casa da v\u00edtima e aguardou sua chegada. Quando Raquel retornou, foi atacada com diversos golpes de faca, que resultaram em sua morte. O corpo dela foi encontrado na manh\u00e3 do dia seguinte pelo pai, Gilberto Cattani.<\/p>\n\n\n\n<p>Na den\u00fancia, o MPMT destacou qualificadoras como feminic\u00eddio, emboscada, motivo torpe e homic\u00eddio mediante recompensa. Ainda segundo o processo, ap\u00f3s o assassinato, Rodrigo furtou diversos pertences da v\u00edtima e fugiu utilizando a motocicleta dela.<\/p>\n\n\n\n<p>Os acusados foram presos em 25 de julho de 2024. A den\u00fancia foi recebida em agosto do mesmo ano e ambos foram pronunciados em 19 de dezembro de 2024 para serem julgados pelo Tribunal do J\u00fari. A decis\u00e3o de pron\u00fancia foi mantida pelo Tribunal de Justi\u00e7a ap\u00f3s recursos das defesas, com tr\u00e2nsito em julgado em 22 de outubro de 2025.<\/p>\n\n\n\n<p>No dia do julgamento, Romero e Rodrigo participar\u00e3o presencialmente e ser\u00e3o levados ao plen\u00e1rio sem o uso de algemas e vestidos com roupas civis, conforme decis\u00e3o da ju\u00edza Ana Helena Ronkoski.<\/p>\n\n\n\n<p>Raquel Cattani era produtora rural, fundadora da Queijaria Cattani e reconhecida pela qualidade dos queijos artesanais que produzia. Ela conquistou pr\u00eamios e se tornou refer\u00eancia no setor. Raquel deixou dois filhos menores de idade, tamb\u00e9m filhos de Romero, que atualmente vivem sob a guarda dos av\u00f3s maternos.<\/p>\n\n\n\n<p>Rep\u00f3rter MT<\/p>\n","protected":false},"excerpt":{"rendered":"<p>A sess\u00e3o de julgamento pelo Tribunal do J\u00fari dos irm\u00e3os&nbsp;Romero Xavier Mengarde&nbsp;e&nbsp;Rodrigo Xavier Mengarde, acusados de planejar e executar o assassinato da produtora rural&nbsp;Raquel Cattani, de 26 anos, acontecer\u00e1 no pr\u00f3ximo dia 22, em Nova Mutum (a 242 km de Cuiab\u00e1), em Mato Grosso. A v\u00edtima era filha do deputado estadual Gilberto Cattani (PL) e [&hellip;]<\/p>\n","protected":false},"author":2,"featured_media":19355,"comment_status":"closed","ping_status":"closed","sticky":false,"template":"","format":"standard","meta":{"_monsterinsights_skip_tracking":false,"_monsterinsights_sitenote_active":false,"_monsterinsights_sitenote_note":"","_monsterinsights_sitenote_category":0,"footnotes":""},"categories":[1],"tags":[],"_links":{"self":[{"href":"https:\/\/nazarenonews.com.br\/index.php\/wp-json\/wp\/v2\/posts\/19354"}],"collection":[{"href":"https:\/\/nazarenonews.com.br\/index.php\/wp-json\/wp\/v2\/posts"}],"about":[{"href":"https:\/\/nazarenonews.com.br\/index.php\/wp-json\/wp\/v2\/types\/post"}],"author":[{"embeddable":true,"href":"https:\/\/nazarenonews.com.br\/index.php\/wp-json\/wp\/v2\/users\/2"}],"replies":[{"embeddable":true,"href":"https:\/\/nazarenonews.com.br\/index.php\/wp-json\/wp\/v2\/comments?post=19354"}],"version-history":[{"count":1,"href":"https:\/\/nazarenonews.com.br\/index.php\/wp-json\/wp\/v2\/posts\/19354\/revisions"}],"predecessor-version":[{"id":19356,"href":"https:\/\/nazarenonews.com.br\/index.php\/wp-json\/wp\/v2\/posts\/19354\/revisions\/19356"}],"wp:featuredmedia":[{"embeddable":true,"href":"https:\/\/nazarenonews.com.br\/index.php\/wp-json\/wp\/v2\/media\/19355"}],"wp:attachment":[{"href":"https:\/\/nazarenonews.com.br\/index.php\/wp-json\/wp\/v2\/media?parent=19354"}],"wp:term":[{"taxonomy":"category","embeddable":true,"href":"https:\/\/nazarenonews.com.br\/index.php\/wp-json\/wp\/v2\/categories?post=19354"},{"taxonomy":"post_tag","embeddable":true,"href":"https:\/\/nazarenonews.com.br\/index.php\/wp-json\/wp\/v2\/tags?post=19354"}],"curies":[{"name":"wp","href":"https:\/\/api.w.org\/{rel}","templated":true}]}}