{"id":19347,"date":"2026-01-14T07:03:27","date_gmt":"2026-01-14T11:03:27","guid":{"rendered":"https:\/\/nazarenonews.com.br\/?p=19347"},"modified":"2026-01-14T07:03:27","modified_gmt":"2026-01-14T11:03:27","slug":"previsao-do-tempo-alerta-de-chuvas-intensas-no-centro-oeste-nesta-quarta-feira-14","status":"publish","type":"post","link":"https:\/\/nazarenonews.com.br\/index.php\/2026\/01\/14\/previsao-do-tempo-alerta-de-chuvas-intensas-no-centro-oeste-nesta-quarta-feira-14\/","title":{"rendered":"PREVIS\u00c3O DO TEMPO: Alerta de chuvas intensas no Centro-Oeste nesta quarta-feira (14)"},"content":{"rendered":"\n<p>Em Mato Grosso do Sul, a chuva ocorre com maior intensidade nos munic\u00edpios de Tr\u00eas Lagoas e \u00c1gua Clara<\/p>\n\n\n\n<p>Data de publica\u00e7\u00e3o: 13 de Janeiro de 2026, 18:30h<\/p>\n\n\n\n<p>O&nbsp;<a href=\"https:\/\/portal.inmet.gov.br\/\">Instituto Nacional de Meteorologia<\/a>&nbsp;emitiu&nbsp;<strong>alerta de chuvas intensas&nbsp;<\/strong>para os tr\u00eas estados da Regi\u00e3o Centro-Oeste e tamb\u00e9m para o Distrito Federal.<\/p>\n\n\n\n<p>Em Mato Grosso, a previs\u00e3o indica&nbsp;<strong>muitas nuvens com pancadas de chuva e trovoadas isoladas<\/strong>&nbsp;ao longo do dia, com instabilidade espalhada por todo o estado.<\/p>\n\n\n\n<p>Em Mato Grosso do Sul, a&nbsp;<strong>chuva&nbsp;<\/strong>ocorre com maior intensidade nos munic\u00edpios de Tr\u00eas Lagoas e \u00c1gua Clara. J\u00e1 em Parana\u00edba, h\u00e1 possibilidade de&nbsp;<strong>queda de granizo<\/strong>, associada a temporais mais fortes.<\/p>\n\n\n\n<p>Em Goi\u00e1s, a&nbsp;<strong>instabilidade&nbsp;<\/strong>prevalece durante todo o dia, com risco de<strong>&nbsp;queda de granizo<\/strong>&nbsp;em munic\u00edpios como Silv\u00e2nia, Goi\u00e2nia e Bela Vista de Goi\u00e1s.<\/p>\n\n\n\n<p>No Distrito Federal, a expectativa \u00e9 de&nbsp;<strong>muitas nuvens com chuva<\/strong>&nbsp;ao longo do dia, com per\u00edodos de pancadas mais intensas, principalmente entre a tarde e a noite.<\/p>\n\n\n\n<p>Entre as capitais, a temperatura m\u00ednima prevista \u00e9 de 19\u00b0C, em Bras\u00edlia e Goi\u00e2nia. J\u00e1 a m\u00e1xima deve chegar a 35\u00b0C, em Cuiab\u00e1. A umidade relativa do ar varia entre 50% e 100%.<\/p>\n\n\n\n<h2 class=\"wp-block-heading\">O QUE \u00c9 GRANIZO?&nbsp;<\/h2>\n\n\n\n<p>Precipita\u00e7\u00e3o originada de nuvens convectivas, sobretudo cumulonimbus, que atinge o solo em forma de esferas ou fragmentos irregulares de gelo. Quando o di\u00e2metro das part\u00edculas \u00e9 \u2265 5 mm, classificam-se como granizo; part\u00edculas menores s\u00e3o classificadas como granizo mi\u00fado e\/ou neve granulada (graupel). Em boletins METAR, utiliza-se \u2018GR\u2019 para granizo e \u2018GS\u2019 para granizo mi\u00fado\/neve granulada. Unidades isoladas s\u00e3o chamadas de \u2018pedras de granizo\u2019.<\/p>\n\n\n\n<h2 class=\"wp-block-heading\">5 motivos para acompanhar as previs\u00f5es do tempo<\/h2>\n\n\n\n<ul>\n<li>Agricultura: garantia de uma boa colheita;<\/li>\n\n\n\n<li>Marinha: prote\u00e7\u00e3o de marinheiros, navios e passageiros;<\/li>\n\n\n\n<li>Aeron\u00e1utica: seguran\u00e7a de pilotos, aeronaves e passageiros;<\/li>\n\n\n\n<li>Pesca: condi\u00e7\u00f5es favor\u00e1veis e seguras para a atividade;<\/li>\n\n\n\n<li>Turismo: garantia de passeios e viagens tranquilas e agrad\u00e1veis.<\/li>\n<\/ul>\n\n\n\n<h2 class=\"wp-block-heading\">Import\u00e2ncia das observa\u00e7\u00f5es meteorol\u00f3gicas no INMET<\/h2>\n\n\n\n<p>As observa\u00e7\u00f5es meteorol\u00f3gicas do&nbsp;<a href=\"https:\/\/portal.inmet.gov.br\/\">INMET<\/a>&nbsp;s\u00e3o essenciais para previs\u00f5es em tempo real, estat\u00edsticas clim\u00e1ticas e coopera\u00e7\u00e3o internacional. Esses dados precisos ajudam a estudar o clima passado e a produzir Normais Climatol\u00f3gicas conforme a&nbsp;<strong>Organiza\u00e7\u00e3o Meteorol\u00f3gica Mundial<\/strong>&nbsp;(<a href=\"https:\/\/worldweather.wmo.int\/pt\/home.html\">OMM<\/a>).<\/p>\n\n\n\n<p>As informa\u00e7\u00f5es s\u00e3o do&nbsp;<strong>Instituto Nacional de Meteorologia&nbsp;<\/strong>(<a href=\"https:\/\/portal.inmet.gov.br\/\">Inmet<\/a>).<\/p>\n","protected":false},"excerpt":{"rendered":"<p>Em Mato Grosso do Sul, a chuva ocorre com maior intensidade nos munic\u00edpios de Tr\u00eas Lagoas e \u00c1gua Clara Data de publica\u00e7\u00e3o: 13 de Janeiro de 2026, 18:30h O&nbsp;Instituto Nacional de Meteorologia&nbsp;emitiu&nbsp;alerta de chuvas intensas&nbsp;para os tr\u00eas estados da Regi\u00e3o Centro-Oeste e tamb\u00e9m para o Distrito Federal. Em Mato Grosso, a previs\u00e3o indica&nbsp;muitas nuvens com [&hellip;]<\/p>\n","protected":false},"author":2,"featured_media":19292,"comment_status":"closed","ping_status":"closed","sticky":false,"template":"","format":"standard","meta":{"_monsterinsights_skip_tracking":false,"_monsterinsights_sitenote_active":false,"_monsterinsights_sitenote_note":"","_monsterinsights_sitenote_category":0,"footnotes":""},"categories":[52],"tags":[],"_links":{"self":[{"href":"https:\/\/nazarenonews.com.br\/index.php\/wp-json\/wp\/v2\/posts\/19347"}],"collection":[{"href":"https:\/\/nazarenonews.com.br\/index.php\/wp-json\/wp\/v2\/posts"}],"about":[{"href":"https:\/\/nazarenonews.com.br\/index.php\/wp-json\/wp\/v2\/types\/post"}],"author":[{"embeddable":true,"href":"https:\/\/nazarenonews.com.br\/index.php\/wp-json\/wp\/v2\/users\/2"}],"replies":[{"embeddable":true,"href":"https:\/\/nazarenonews.com.br\/index.php\/wp-json\/wp\/v2\/comments?post=19347"}],"version-history":[{"count":1,"href":"https:\/\/nazarenonews.com.br\/index.php\/wp-json\/wp\/v2\/posts\/19347\/revisions"}],"predecessor-version":[{"id":19348,"href":"https:\/\/nazarenonews.com.br\/index.php\/wp-json\/wp\/v2\/posts\/19347\/revisions\/19348"}],"wp:featuredmedia":[{"embeddable":true,"href":"https:\/\/nazarenonews.com.br\/index.php\/wp-json\/wp\/v2\/media\/19292"}],"wp:attachment":[{"href":"https:\/\/nazarenonews.com.br\/index.php\/wp-json\/wp\/v2\/media?parent=19347"}],"wp:term":[{"taxonomy":"category","embeddable":true,"href":"https:\/\/nazarenonews.com.br\/index.php\/wp-json\/wp\/v2\/categories?post=19347"},{"taxonomy":"post_tag","embeddable":true,"href":"https:\/\/nazarenonews.com.br\/index.php\/wp-json\/wp\/v2\/tags?post=19347"}],"curies":[{"name":"wp","href":"https:\/\/api.w.org\/{rel}","templated":true}]}}