{"id":19343,"date":"2026-01-14T07:00:47","date_gmt":"2026-01-14T11:00:47","guid":{"rendered":"https:\/\/nazarenonews.com.br\/?p=19343"},"modified":"2026-01-14T07:00:47","modified_gmt":"2026-01-14T11:00:47","slug":"dolar-moeda-tem-leve-alta-com-tensoes-geopoliticas-e-inflacao-dos-eua","status":"publish","type":"post","link":"https:\/\/nazarenonews.com.br\/index.php\/2026\/01\/14\/dolar-moeda-tem-leve-alta-com-tensoes-geopoliticas-e-inflacao-dos-eua\/","title":{"rendered":"D\u00d3LAR: moeda tem leve alta com tens\u00f5es geopol\u00edticas e infla\u00e7\u00e3o dos EUA"},"content":{"rendered":"\n<p>O \u00edndice de pre\u00e7os ao consumidor dos EUA sai em linha com expectativas do mercado; temores com interfer\u00eancia do governo no Fed e no Ir\u00e3 pautam a sess\u00e3o<\/p>\n\n\n\n<p>Data de publica\u00e7\u00e3o: 13 de Janeiro de 2026, 20:45h<\/p>\n\n\n\n<p>O&nbsp;<strong>d\u00f3lar comercial&nbsp;<\/strong>encerrou o \u00faltimo preg\u00e3o em&nbsp;<strong>leve alta de 0,06%<\/strong>&nbsp;frente ao real, cotado a&nbsp;<strong>R$5,37<\/strong>, na segunda sess\u00e3o de alta seguida. O c\u00e2mbio&nbsp;<strong>acompanhou a tend\u00eancia externa<\/strong>, com o indicador&nbsp;<strong>DXY<\/strong>&nbsp;\u2014 que compara o d\u00f3lar a uma cesta de seis divisas globais como euro e libra \u2014 apresentando&nbsp;<strong>alta de 0,27%<\/strong>. O desempenho da moeda estadunidense foi&nbsp;<strong>influenciado<\/strong>&nbsp;pela divulga\u00e7\u00e3o da&nbsp;<strong>infla\u00e7\u00e3o dos EUA em linha com o esperado<\/strong>, pelo&nbsp;<strong>temor<\/strong>&nbsp;dos investidores de uma<strong>&nbsp;interfer\u00eancia do governo Trump no Federal Reserve&nbsp;<\/strong>e pelas&nbsp;<strong>declara\u00e7\u00f5es<\/strong>&nbsp;do presidente estadunidense&nbsp;<strong>sobre a situa\u00e7\u00e3o pol\u00edtica do Ir\u00e3<\/strong>.<\/p>\n\n\n\n<p>O<strong>&nbsp;\u00edndice de pre\u00e7os ao consumidor dos EUA (CPI)<\/strong>&nbsp;mostrou&nbsp;<strong>alta<\/strong>&nbsp;de&nbsp;<strong>0,3%<\/strong>&nbsp;em&nbsp;<strong>dezembro<\/strong>&nbsp;e&nbsp;<strong>alta acumulada de 2,7%<\/strong>&nbsp;em<strong>&nbsp;12 meses<\/strong>,&nbsp;<strong>alinhado \u00e0s expectativas<\/strong>&nbsp;do mercado. O \u00edndice n\u00e3o \u00e9 refer\u00eancia de infla\u00e7\u00e3o para o Fed (Banco Central do pa\u00eds), mas&nbsp;<strong>norteia as apostas<\/strong>&nbsp;do mercado quanto aos juros dos EUA.<\/p>\n\n\n\n<p>A divulga\u00e7\u00e3o do dado&nbsp;<strong>refor\u00e7ou as apostas de investidores<\/strong>&nbsp;em um&nbsp;<strong>corte da taxa de juros pelo Fed em mar\u00e7o<\/strong>, mesmo que de forma minorit\u00e1ria. A chance minorit\u00e1ria de um afrouxo monet\u00e1rio segue em junho.<\/p>\n\n\n\n<p>Enquanto isso, o&nbsp;<strong>temor quanto \u00e0 interfer\u00eancia do governo do presidente Donald Trump no Fed<\/strong>&nbsp;seguiu no radar durante a sess\u00e3o. Os chefes dos 11 principais Bancos Centrais do mundo divulgaram uma<strong>&nbsp;declara\u00e7\u00e3o conjunta em apoio ao presidente do Federal Reserve<\/strong>, Jerome Powell, ap\u00f3s esse ter sido amea\u00e7ado pelo governo de indiciamento por coment\u00e1rios feitos ao parlamento. Na carta, os presidentes&nbsp;<strong>refor\u00e7am a import\u00e2ncia da autonomia da institui\u00e7\u00e3o<\/strong>: \u201cA independ\u00eancia dos bancos centrais \u00e9 a pedra fundamental da estabilidade econ\u00f4mica, financeira e de pre\u00e7os no interesse dos cidad\u00e3os que atendemos\u201d, traz o texto.<\/p>\n\n\n\n<p>O avan\u00e7o do d\u00f3lar foi&nbsp;<strong>reduzido<\/strong>&nbsp;pelo&nbsp;<strong>salto nos pre\u00e7os do petr\u00f3leo<\/strong>&nbsp;ap\u00f3s Trump cancelar reuni\u00f5es com oficiais do Ir\u00e3 e dizer a manifestantes que \u201ca ajuda est\u00e1 a caminho\u201d. Na segunda-feira (12), o presidente estadunidense havia anunciado uma&nbsp;<strong>tarifa de 25%<\/strong>&nbsp;sobre todos os neg\u00f3cios realizados com os EUA para quaisquer pa\u00edses que&nbsp;<strong>mantenham rela\u00e7\u00f5es comerciais com o Ir\u00e3<\/strong>.<\/p>\n\n\n\n<h2 class=\"wp-block-heading\">Cota\u00e7\u00e3o do euro<\/h2>\n\n\n\n<p>O&nbsp;<strong>euro<\/strong>, por sua vez, encerrou a sess\u00e3o cotado a&nbsp;<strong>R$6,26<\/strong>, o que representa uma&nbsp;<strong>queda<\/strong>&nbsp;de&nbsp;<strong>0,25%<\/strong>.<\/p>\n\n\n\n<h2 class=\"wp-block-heading\">Cota\u00e7\u00f5es<\/h2>\n\n\n\n<p>A tabela abaixo mostra as cota\u00e7\u00f5es cruzadas entre as principais moedas internacionais e o real. Cada c\u00e9lula indica quanto vale 1 unidade da moeda da linha em rela\u00e7\u00e3o \u00e0 moeda da coluna.<\/p>\n\n\n\n<figure class=\"wp-block-table\"><table><thead><tr><th>C\u00f3digo<\/th><th>BRL<\/th><th>USD<\/th><th>EUR<\/th><th>GBP<\/th><th>JPY<\/th><th>CHF<\/th><th>CAD<\/th><th>AUD<\/th><\/tr><\/thead><tbody><tr><th>BRL<\/th><td>1<\/td><td>0,1860<\/td><td>0,1598<\/td><td>0,1386<\/td><td>29,6019<\/td><td>0,1490<\/td><td>0,2582<\/td><td>0,2785<\/td><\/tr><tr><th>USD<\/th><td>5,3755<\/td><td>1<\/td><td>0,8587<\/td><td>0,7446<\/td><td>159,13<\/td><td>0,8008<\/td><td>1,3882<\/td><td>1,4964<\/td><\/tr><tr><th>EUR<\/th><td>6,2557<\/td><td>1,1646<\/td><td>1<\/td><td>0,8672<\/td><td>185,31<\/td><td>0,9326<\/td><td>1,6165<\/td><td>1,7427<\/td><\/tr><tr><th>GBP<\/th><td>7,2158<\/td><td>1,3430<\/td><td>1,1532<\/td><td>1<\/td><td>213,70<\/td><td>1,0755<\/td><td>1,8641<\/td><td>2,0096<\/td><\/tr><tr><th>JPY<\/th><td>0,0338<\/td><td>0,0063<\/td><td>0,0054<\/td><td>0,0047<\/td><td>1<\/td><td>0,5032<\/td><td>0,0087<\/td><td>0,0094<\/td><\/tr><tr><th>CHF<\/th><td>6,7127<\/td><td>1,2488<\/td><td>1,0723<\/td><td>0,9298<\/td><td>198,71<\/td><td>1<\/td><td>1,7336<\/td><td>1,8688<\/td><\/tr><tr><th>CAD<\/th><td>3,8726<\/td><td>0,7204<\/td><td>0,6186<\/td><td>0,5364<\/td><td>114,64<\/td><td>0,5769<\/td><td>1<\/td><td>1,0781<\/td><\/tr><tr><th>AUD<\/th><td>3,5910<\/td><td>0,6683<\/td><td>0,5739<\/td><td>0,4976<\/td><td>106,33<\/td><td>0,5351<\/td><td>0,9276<\/td><td>1<\/td><\/tr><\/tbody><\/table><\/figure>\n\n\n\n<p>Os dados s\u00e3o da&nbsp;<a href=\"https:\/\/br.investing.com\/\">Investing.com<\/a><\/p>\n","protected":false},"excerpt":{"rendered":"<p>O \u00edndice de pre\u00e7os ao consumidor dos EUA sai em linha com expectativas do mercado; temores com interfer\u00eancia do governo no Fed e no Ir\u00e3 pautam a sess\u00e3o Data de publica\u00e7\u00e3o: 13 de Janeiro de 2026, 20:45h O&nbsp;d\u00f3lar comercial&nbsp;encerrou o \u00faltimo preg\u00e3o em&nbsp;leve alta de 0,06%&nbsp;frente ao real, cotado a&nbsp;R$5,37, na segunda sess\u00e3o de alta [&hellip;]<\/p>\n","protected":false},"author":2,"featured_media":18671,"comment_status":"closed","ping_status":"closed","sticky":false,"template":"","format":"standard","meta":{"_monsterinsights_skip_tracking":false,"_monsterinsights_sitenote_active":false,"_monsterinsights_sitenote_note":"","_monsterinsights_sitenote_category":0,"footnotes":""},"categories":[54],"tags":[],"_links":{"self":[{"href":"https:\/\/nazarenonews.com.br\/index.php\/wp-json\/wp\/v2\/posts\/19343"}],"collection":[{"href":"https:\/\/nazarenonews.com.br\/index.php\/wp-json\/wp\/v2\/posts"}],"about":[{"href":"https:\/\/nazarenonews.com.br\/index.php\/wp-json\/wp\/v2\/types\/post"}],"author":[{"embeddable":true,"href":"https:\/\/nazarenonews.com.br\/index.php\/wp-json\/wp\/v2\/users\/2"}],"replies":[{"embeddable":true,"href":"https:\/\/nazarenonews.com.br\/index.php\/wp-json\/wp\/v2\/comments?post=19343"}],"version-history":[{"count":1,"href":"https:\/\/nazarenonews.com.br\/index.php\/wp-json\/wp\/v2\/posts\/19343\/revisions"}],"predecessor-version":[{"id":19344,"href":"https:\/\/nazarenonews.com.br\/index.php\/wp-json\/wp\/v2\/posts\/19343\/revisions\/19344"}],"wp:featuredmedia":[{"embeddable":true,"href":"https:\/\/nazarenonews.com.br\/index.php\/wp-json\/wp\/v2\/media\/18671"}],"wp:attachment":[{"href":"https:\/\/nazarenonews.com.br\/index.php\/wp-json\/wp\/v2\/media?parent=19343"}],"wp:term":[{"taxonomy":"category","embeddable":true,"href":"https:\/\/nazarenonews.com.br\/index.php\/wp-json\/wp\/v2\/categories?post=19343"},{"taxonomy":"post_tag","embeddable":true,"href":"https:\/\/nazarenonews.com.br\/index.php\/wp-json\/wp\/v2\/tags?post=19343"}],"curies":[{"name":"wp","href":"https:\/\/api.w.org\/{rel}","templated":true}]}}