{"id":19322,"date":"2026-01-13T14:50:39","date_gmt":"2026-01-13T18:50:39","guid":{"rendered":"https:\/\/nazarenonews.com.br\/?p=19322"},"modified":"2026-01-13T14:50:39","modified_gmt":"2026-01-13T18:50:39","slug":"dois-homens-morrem-apos-caminhonete-capotar-em-rodovia-de-mt","status":"publish","type":"post","link":"https:\/\/nazarenonews.com.br\/index.php\/2026\/01\/13\/dois-homens-morrem-apos-caminhonete-capotar-em-rodovia-de-mt\/","title":{"rendered":"Dois homens morrem ap\u00f3s caminhonete capotar em rodovia de MT"},"content":{"rendered":"\n<p>Dois homens morreram e outras duas pessoas ficaram feridas em um grave acidente na manh\u00e3 de domingo (11), na MT-413, em Santa Terezinha (a 1,2 mil quil\u00f4metros de Cuiab\u00e1). As v\u00edtimas estavam em uma caminhonete Hilux que capotou.&nbsp;<\/p>\n\n\n\n<p>Conforme apurou a reportagem, as v\u00edtimas fatais foram identificadas como Lucas Xavier Bandeira Alencar, de 27 anos, e F\u00e1bio Ferreira de Souza, de 45 anos.&nbsp;<\/p>\n\n\n\n<p>Quando a Pol\u00edcia chegou ao local, encontrou a caminhonete capotada no pasto, com os pneus para cima.<\/p>\n\n\n\n<p>Lucas e F\u00e1bio tiveram a morte confirmada no local. Outras duas pessoas foram socorridas e encaminhadas a uma unidade de sa\u00fade. N\u00e3o h\u00e1 informa\u00e7\u00f5es sobre o estado de sa\u00fade delas.<\/p>\n\n\n\n<p>A Pol\u00edcia e Identifica\u00e7\u00e3o T\u00e9cnica (Politec) foi acionada para realizar os procedimentos periciais. As circunst\u00e2ncias do acidente ser\u00e3o investigadas pela Pol\u00edcia Civil.&nbsp;<\/p>\n\n\n\n<p>A Prefeitura de Manga (MG) emitiu uma nota de pesar lamentando a morte precoce de Lucas Xavier. A m\u00e3e dele,&nbsp; Luana Xavier, \u00e9 servidora p\u00fablica da Secretaria Municipal de Educa\u00e7\u00e3o da cidade.&nbsp;<\/p>\n\n\n\n<p>\u201cLucas parte para a eternidade deixando lembran\u00e7as, sonhos interrompidos e uma saudade profunda no cora\u00e7\u00e3o de todos que o conheceram e conviveram com ele\u201d, diz trecho da nota.\u00a0<\/p>\n\n\n\n<p>Rep\u00f3rter MT<\/p>\n","protected":false},"excerpt":{"rendered":"<p>Dois homens morreram e outras duas pessoas ficaram feridas em um grave acidente na manh\u00e3 de domingo (11), na MT-413, em Santa Terezinha (a 1,2 mil quil\u00f4metros de Cuiab\u00e1). As v\u00edtimas estavam em uma caminhonete Hilux que capotou.&nbsp; Conforme apurou a reportagem, as v\u00edtimas fatais foram identificadas como Lucas Xavier Bandeira Alencar, de 27 anos, [&hellip;]<\/p>\n","protected":false},"author":2,"featured_media":19323,"comment_status":"closed","ping_status":"closed","sticky":false,"template":"","format":"standard","meta":{"_monsterinsights_skip_tracking":false,"_monsterinsights_sitenote_active":false,"_monsterinsights_sitenote_note":"","_monsterinsights_sitenote_category":0,"footnotes":""},"categories":[1],"tags":[],"_links":{"self":[{"href":"https:\/\/nazarenonews.com.br\/index.php\/wp-json\/wp\/v2\/posts\/19322"}],"collection":[{"href":"https:\/\/nazarenonews.com.br\/index.php\/wp-json\/wp\/v2\/posts"}],"about":[{"href":"https:\/\/nazarenonews.com.br\/index.php\/wp-json\/wp\/v2\/types\/post"}],"author":[{"embeddable":true,"href":"https:\/\/nazarenonews.com.br\/index.php\/wp-json\/wp\/v2\/users\/2"}],"replies":[{"embeddable":true,"href":"https:\/\/nazarenonews.com.br\/index.php\/wp-json\/wp\/v2\/comments?post=19322"}],"version-history":[{"count":1,"href":"https:\/\/nazarenonews.com.br\/index.php\/wp-json\/wp\/v2\/posts\/19322\/revisions"}],"predecessor-version":[{"id":19324,"href":"https:\/\/nazarenonews.com.br\/index.php\/wp-json\/wp\/v2\/posts\/19322\/revisions\/19324"}],"wp:featuredmedia":[{"embeddable":true,"href":"https:\/\/nazarenonews.com.br\/index.php\/wp-json\/wp\/v2\/media\/19323"}],"wp:attachment":[{"href":"https:\/\/nazarenonews.com.br\/index.php\/wp-json\/wp\/v2\/media?parent=19322"}],"wp:term":[{"taxonomy":"category","embeddable":true,"href":"https:\/\/nazarenonews.com.br\/index.php\/wp-json\/wp\/v2\/categories?post=19322"},{"taxonomy":"post_tag","embeddable":true,"href":"https:\/\/nazarenonews.com.br\/index.php\/wp-json\/wp\/v2\/tags?post=19322"}],"curies":[{"name":"wp","href":"https:\/\/api.w.org\/{rel}","templated":true}]}}