{"id":19303,"date":"2026-01-13T07:01:27","date_gmt":"2026-01-13T11:01:27","guid":{"rendered":"https:\/\/nazarenonews.com.br\/?p=19303"},"modified":"2026-01-13T09:18:00","modified_gmt":"2026-01-13T13:18:00","slug":"pedreiro-morre-apos-encostar-regua-em-fio-de-alta-tensao-durante-obra-em-mt","status":"publish","type":"post","link":"https:\/\/nazarenonews.com.br\/index.php\/2026\/01\/13\/pedreiro-morre-apos-encostar-regua-em-fio-de-alta-tensao-durante-obra-em-mt\/","title":{"rendered":"Pedreiro morre ap\u00f3s encostar r\u00e9gua em fio de alta tens\u00e3o durante obra em MT"},"content":{"rendered":"\n<p>Um trabalhador de 60 anos morreu ap\u00f3s sofrer uma descarga el\u00e9trica enquanto prestava servi\u00e7o em uma obra de&nbsp;<a class=\"\" href=\"https:\/\/g1.globo.com\/mt\/mato-grosso\/cidade\/rondonopolis\/\">Rondon\u00f3polis<\/a>, a 218 km de Cuiab\u00e1, nesta segunda-feira (12). O trabalhador foi identificado como&nbsp;<strong>Edson Paulo dos Santos.<\/strong><\/p>\n\n\n\n<p>O acidente ocorreu por volta das 9h59, em uma casa no bairro Parque S\u00e3o Jorge. Segundo a Pol\u00edcia Civil, ele trabalhava como pedreiro e fazia o reboco de uma parede no segundo piso, na parte externa do im\u00f3vel, quando a\u00a0r\u00e9gua de alum\u00ednio usada para desempenar o reboco encostou na rede de alta tens\u00e3o.<\/p>\n\n\n\n<p>Edson recebeu uma forte descarga el\u00e9trica e n\u00e3o resistiu aos ferimentos. O Corpo de Bombeiros foi acionado e constatou a morte ainda no local.<\/p>\n\n\n\n<p>A ocorr\u00eancia foi registrada inicialmente pela Pol\u00edcia Militar. Em seguida, equipes da Pol\u00edcia Civil e da Per\u00edcia Oficial e Identifica\u00e7\u00e3o T\u00e9cnica (Politec) estiveram na resid\u00eancia para os procedimentos padr\u00f5es.<\/p>\n\n\n\n<p>O caso \u00e9 investigado como acidente de trabalho.<\/p>\n\n\n\n<p>g1-MT<\/p>\n","protected":false},"excerpt":{"rendered":"<p>Um trabalhador de 60 anos morreu ap\u00f3s sofrer uma descarga el\u00e9trica enquanto prestava servi\u00e7o em uma obra de&nbsp;Rondon\u00f3polis, a 218 km de Cuiab\u00e1, nesta segunda-feira (12). O trabalhador foi identificado como&nbsp;Edson Paulo dos Santos. O acidente ocorreu por volta das 9h59, em uma casa no bairro Parque S\u00e3o Jorge. Segundo a Pol\u00edcia Civil, ele trabalhava [&hellip;]<\/p>\n","protected":false},"author":2,"featured_media":19316,"comment_status":"closed","ping_status":"closed","sticky":false,"template":"","format":"standard","meta":{"_monsterinsights_skip_tracking":false,"_monsterinsights_sitenote_active":false,"_monsterinsights_sitenote_note":"","_monsterinsights_sitenote_category":0,"footnotes":""},"categories":[1],"tags":[],"_links":{"self":[{"href":"https:\/\/nazarenonews.com.br\/index.php\/wp-json\/wp\/v2\/posts\/19303"}],"collection":[{"href":"https:\/\/nazarenonews.com.br\/index.php\/wp-json\/wp\/v2\/posts"}],"about":[{"href":"https:\/\/nazarenonews.com.br\/index.php\/wp-json\/wp\/v2\/types\/post"}],"author":[{"embeddable":true,"href":"https:\/\/nazarenonews.com.br\/index.php\/wp-json\/wp\/v2\/users\/2"}],"replies":[{"embeddable":true,"href":"https:\/\/nazarenonews.com.br\/index.php\/wp-json\/wp\/v2\/comments?post=19303"}],"version-history":[{"count":1,"href":"https:\/\/nazarenonews.com.br\/index.php\/wp-json\/wp\/v2\/posts\/19303\/revisions"}],"predecessor-version":[{"id":19305,"href":"https:\/\/nazarenonews.com.br\/index.php\/wp-json\/wp\/v2\/posts\/19303\/revisions\/19305"}],"wp:featuredmedia":[{"embeddable":true,"href":"https:\/\/nazarenonews.com.br\/index.php\/wp-json\/wp\/v2\/media\/19316"}],"wp:attachment":[{"href":"https:\/\/nazarenonews.com.br\/index.php\/wp-json\/wp\/v2\/media?parent=19303"}],"wp:term":[{"taxonomy":"category","embeddable":true,"href":"https:\/\/nazarenonews.com.br\/index.php\/wp-json\/wp\/v2\/categories?post=19303"},{"taxonomy":"post_tag","embeddable":true,"href":"https:\/\/nazarenonews.com.br\/index.php\/wp-json\/wp\/v2\/tags?post=19303"}],"curies":[{"name":"wp","href":"https:\/\/api.w.org\/{rel}","templated":true}]}}