{"id":19297,"date":"2026-01-13T06:55:41","date_gmt":"2026-01-13T10:55:41","guid":{"rendered":"https:\/\/nazarenonews.com.br\/?p=19297"},"modified":"2026-01-13T09:24:53","modified_gmt":"2026-01-13T13:24:53","slug":"mae-de-dante-de-oliveira-maria-benedita-morre-aos-104-anos-na-capital","status":"publish","type":"post","link":"https:\/\/nazarenonews.com.br\/index.php\/2026\/01\/13\/mae-de-dante-de-oliveira-maria-benedita-morre-aos-104-anos-na-capital\/","title":{"rendered":"M\u00e3e de Dante de Oliveira, Maria Benedita morre aos 104 anos na Capital"},"content":{"rendered":"\n<p>Morreu na noite de hoje (12), em Cuiab\u00e1,&nbsp;<strong>Maria Benedita Martins de Oliveira<\/strong>, aos&nbsp;<strong>104 anos<\/strong>. M\u00e3e do ex-governador&nbsp;<strong>Dante de Oliveira<\/strong>, a matriarca estava internada em sistema de&nbsp;<strong>&#8216;home care<\/strong>&#8216; em sua resid\u00eancia.<\/p>\n\n\n\n<p>Dona Maria Benedita era conhecida por sua longevidade e vigor. Ao longo dos 104 anos, ela sobreviveu \u00e0 pandemia de covid-19, tendo superado a doen\u00e7a em duas ocasi\u00f5es. Mesmo com a mobilidade reduzida e fazendo uso de cadeira de rodas, mantinha-se ativa politicamente. Em 2024, fez quest\u00e3o de prestigiar o lan\u00e7amento da candidatura de Eduardo Botelho (UB) \u00e0 Prefeitura de Cuiab\u00e1.<\/p>\n\n\n\n<p>Eleitora declarada do presidente Luiz In\u00e1cio Lula da Silva (PT), de quem chegou a receber um v\u00eddeo de felicita\u00e7\u00f5es pelo centen\u00e1rio em 2023, Maria Benedita nunca deixou de exercer o direito ao voto, mesmo ap\u00f3s a idade em que a obrigatoriedade cessa.<\/p>\n\n\n\n<p><strong>Legado<\/strong><\/p>\n\n\n\n<p>Maria Benedita era a base da fam\u00edlia de Dante de Oliveira, ex-prefeito de Cuiab\u00e1 e ex-governador de Mato Grosso. Dante tornou-se \u00edcone nacional nos anos 1980 ao ser o autor da emenda das &#8220;Diretas J\u00e1&#8221;, movimento que mobilizou milh\u00f5es de brasileiros pelo fim da ditadura militar e o retorno das elei\u00e7\u00f5es diretas para presidente.<\/p>\n\n\n\n<p>Informa\u00e7\u00f5es sobre o vel\u00f3rio e o sepultamento ainda n\u00e3o foram confirmadas pela fam\u00edlia.<\/p>\n\n\n\n<p>Rep\u00f3rter MT<\/p>\n","protected":false},"excerpt":{"rendered":"<p>Morreu na noite de hoje (12), em Cuiab\u00e1,&nbsp;Maria Benedita Martins de Oliveira, aos&nbsp;104 anos. M\u00e3e do ex-governador&nbsp;Dante de Oliveira, a matriarca estava internada em sistema de&nbsp;&#8216;home care&#8216; em sua resid\u00eancia. Dona Maria Benedita era conhecida por sua longevidade e vigor. Ao longo dos 104 anos, ela sobreviveu \u00e0 pandemia de covid-19, tendo superado a doen\u00e7a [&hellip;]<\/p>\n","protected":false},"author":2,"featured_media":19318,"comment_status":"closed","ping_status":"closed","sticky":false,"template":"","format":"standard","meta":{"_monsterinsights_skip_tracking":false,"_monsterinsights_sitenote_active":false,"_monsterinsights_sitenote_note":"","_monsterinsights_sitenote_category":0,"footnotes":""},"categories":[1,48],"tags":[],"_links":{"self":[{"href":"https:\/\/nazarenonews.com.br\/index.php\/wp-json\/wp\/v2\/posts\/19297"}],"collection":[{"href":"https:\/\/nazarenonews.com.br\/index.php\/wp-json\/wp\/v2\/posts"}],"about":[{"href":"https:\/\/nazarenonews.com.br\/index.php\/wp-json\/wp\/v2\/types\/post"}],"author":[{"embeddable":true,"href":"https:\/\/nazarenonews.com.br\/index.php\/wp-json\/wp\/v2\/users\/2"}],"replies":[{"embeddable":true,"href":"https:\/\/nazarenonews.com.br\/index.php\/wp-json\/wp\/v2\/comments?post=19297"}],"version-history":[{"count":1,"href":"https:\/\/nazarenonews.com.br\/index.php\/wp-json\/wp\/v2\/posts\/19297\/revisions"}],"predecessor-version":[{"id":19299,"href":"https:\/\/nazarenonews.com.br\/index.php\/wp-json\/wp\/v2\/posts\/19297\/revisions\/19299"}],"wp:featuredmedia":[{"embeddable":true,"href":"https:\/\/nazarenonews.com.br\/index.php\/wp-json\/wp\/v2\/media\/19318"}],"wp:attachment":[{"href":"https:\/\/nazarenonews.com.br\/index.php\/wp-json\/wp\/v2\/media?parent=19297"}],"wp:term":[{"taxonomy":"category","embeddable":true,"href":"https:\/\/nazarenonews.com.br\/index.php\/wp-json\/wp\/v2\/categories?post=19297"},{"taxonomy":"post_tag","embeddable":true,"href":"https:\/\/nazarenonews.com.br\/index.php\/wp-json\/wp\/v2\/tags?post=19297"}],"curies":[{"name":"wp","href":"https:\/\/api.w.org\/{rel}","templated":true}]}}