{"id":19294,"date":"2026-01-12T14:47:14","date_gmt":"2026-01-12T18:47:14","guid":{"rendered":"https:\/\/nazarenonews.com.br\/?p=19294"},"modified":"2026-01-12T14:48:22","modified_gmt":"2026-01-12T18:48:22","slug":"trump-diz-que-lideres-do-ira-ligaram-para-negociar","status":"publish","type":"post","link":"https:\/\/nazarenonews.com.br\/index.php\/2026\/01\/12\/trump-diz-que-lideres-do-ira-ligaram-para-negociar\/","title":{"rendered":"Trump diz que l\u00edderes do Ir\u00e3 ligaram para \u201cnegociar\u201d"},"content":{"rendered":"\n<p>O presidente dos Estados Unidos,\u00a0<a href=\"https:\/\/www.metropoles.com\/tag\/donald-trump\">Donald Trump<\/a>, afirmou, nesse domingo (11\/1), que l\u00edderes do<a href=\"https:\/\/www.metropoles.com\/tag\/ira\">\u00a0Ir\u00e3<\/a>\u00a0ligaram para \u201cnegociar\u201d com ele, em meio \u00e0 onda de protestos que assola Teer\u00e3 e \u00e0s suas\u00a0<a href=\"https:\/\/www.metropoles.com\/mundo\/trump-diz-estar-pronto-para-ajudar-iranianos-em-busca-da-liberdade\">amea\u00e7as de intervir no pa\u00eds.<\/a><\/p>\n\n\n\n<p>\u201cOs l\u00edderes do Ir\u00e3 ligaram ontem. Eles querem negociar\u2026 uma reuni\u00e3o est\u00e1 sendo marcada\u201d, explicou o presidente norte-americano.<\/p>\n\n\n\n<p>O Ir\u00e3 passa pela maior onda de protestos registrada no pa\u00eds em quase uma d\u00e9cada. Das 538 v\u00edtimas, 490 s\u00e3o manifestantes e 48, policiais. O n\u00famero de presos ultrapassa 10 mil, segundo balan\u00e7o divulgado pela ONG Human Rights Activists News Agency (HRANA).<\/p>\n\n\n\n<p>Segundo Trump, os l\u00edderes ligaram no \u00faltimo s\u00e1bado (10\/1), mas ele revelou a informa\u00e7\u00e3o no domingo, quando tamb\u00e9m afirmou estar<a href=\"https:\/\/www.metropoles.com\/mundo\/trump-admite-estar-considerando-opcoes-fortes-contra-o-ira\">\u00a0analisando \u201cop\u00e7\u00f5es muito fortes\u201d em rela\u00e7\u00e3o ao Ir\u00e3.<\/a><\/p>\n\n\n\n<p>\u201cEstamos analisando algumas op\u00e7\u00f5es muito interessantes\u2026 Estou recebendo informa\u00e7\u00f5es a cada hora e tomaremos uma decis\u00e3o muito em breve\u201d, afirmou Trump.<\/p>\n\n\n\n<p><strong>As manifesta\u00e7\u00f5es dos cidad\u00e3os iranianos acontecem desde 28 de dezembro de 2025 tomam as ruas contra a crise econ\u00f4mica que afeta o pa\u00eds.<\/strong>\u00a0As agita\u00e7\u00f5es contra o governo teocr\u00e1tico do l\u00edder supremo aiatol\u00e1 Ali Khamenei j\u00e1 est\u00e3o no 15\u00ba dia, e tamb\u00e9m foram registradas em outros pa\u00edses, por meio da di\u00e1spora iraniana.<\/p>\n\n\n\n<p>Nas \u00faltimas semanas, o presidente norte-americano amea\u00e7ou intervir na ca\u00f3tica situa\u00e7\u00e3o do pa\u00eds, caso civis fossem mortos.<\/p>\n\n\n\n<h4 class=\"wp-block-heading\">Ir\u00e3 est\u00e1 pronto para a guerra<\/h4>\n\n\n\n<p>O ministro das Rela\u00e7\u00f5es Exteriores, Abbas Araghchi, declarou, nesta segunda-feira (12\/1), que o&nbsp;<a href=\"https:\/\/www.metropoles.com\/mundo\/chanceler-diz-que-ira-esta-pronto-para-a-guerra-mas-aberto-ao-dialogo\">Ir\u00e3 est\u00e1 pronto para a guerra, apesar de n\u00e3o busc\u00e1-la,<\/a>&nbsp;e que est\u00e1 aberto ao di\u00e1logo. A declara\u00e7\u00e3o foi feita em meio \u00e0s amea\u00e7as do presidente norte-americano, Donald Trump, de intervir na ca\u00f3tica situa\u00e7\u00e3o do pa\u00eds, que enfrenta uma onda de protestos.<\/p>\n\n\n\n<p>Segundo Araghchi, o Ir\u00e3 n\u00e3o busca a guerra, \u201cmas est\u00e1 totalmente preparado para ela\u201d, conforme divulgado pela imprensa internacional.<\/p>\n\n\n\n<p>Metr\u00f3poles<\/p>\n","protected":false},"excerpt":{"rendered":"<p>O presidente dos Estados Unidos,\u00a0Donald Trump, afirmou, nesse domingo (11\/1), que l\u00edderes do\u00a0Ir\u00e3\u00a0ligaram para \u201cnegociar\u201d com ele, em meio \u00e0 onda de protestos que assola Teer\u00e3 e \u00e0s suas\u00a0amea\u00e7as de intervir no pa\u00eds. \u201cOs l\u00edderes do Ir\u00e3 ligaram ontem. Eles querem negociar\u2026 uma reuni\u00e3o est\u00e1 sendo marcada\u201d, explicou o presidente norte-americano. O Ir\u00e3 passa pela [&hellip;]<\/p>\n","protected":false},"author":2,"featured_media":19296,"comment_status":"closed","ping_status":"closed","sticky":false,"template":"","format":"standard","meta":{"_monsterinsights_skip_tracking":false,"_monsterinsights_sitenote_active":false,"_monsterinsights_sitenote_note":"","_monsterinsights_sitenote_category":0,"footnotes":""},"categories":[38,49,1],"tags":[],"_links":{"self":[{"href":"https:\/\/nazarenonews.com.br\/index.php\/wp-json\/wp\/v2\/posts\/19294"}],"collection":[{"href":"https:\/\/nazarenonews.com.br\/index.php\/wp-json\/wp\/v2\/posts"}],"about":[{"href":"https:\/\/nazarenonews.com.br\/index.php\/wp-json\/wp\/v2\/types\/post"}],"author":[{"embeddable":true,"href":"https:\/\/nazarenonews.com.br\/index.php\/wp-json\/wp\/v2\/users\/2"}],"replies":[{"embeddable":true,"href":"https:\/\/nazarenonews.com.br\/index.php\/wp-json\/wp\/v2\/comments?post=19294"}],"version-history":[{"count":1,"href":"https:\/\/nazarenonews.com.br\/index.php\/wp-json\/wp\/v2\/posts\/19294\/revisions"}],"predecessor-version":[{"id":19295,"href":"https:\/\/nazarenonews.com.br\/index.php\/wp-json\/wp\/v2\/posts\/19294\/revisions\/19295"}],"wp:featuredmedia":[{"embeddable":true,"href":"https:\/\/nazarenonews.com.br\/index.php\/wp-json\/wp\/v2\/media\/19296"}],"wp:attachment":[{"href":"https:\/\/nazarenonews.com.br\/index.php\/wp-json\/wp\/v2\/media?parent=19294"}],"wp:term":[{"taxonomy":"category","embeddable":true,"href":"https:\/\/nazarenonews.com.br\/index.php\/wp-json\/wp\/v2\/categories?post=19294"},{"taxonomy":"post_tag","embeddable":true,"href":"https:\/\/nazarenonews.com.br\/index.php\/wp-json\/wp\/v2\/tags?post=19294"}],"curies":[{"name":"wp","href":"https:\/\/api.w.org\/{rel}","templated":true}]}}