{"id":19291,"date":"2026-01-12T14:40:11","date_gmt":"2026-01-12T18:40:11","guid":{"rendered":"https:\/\/nazarenonews.com.br\/?p=19291"},"modified":"2026-01-12T14:40:12","modified_gmt":"2026-01-12T18:40:12","slug":"abilio-negocia-shows-nacionais-para-comemorar-os-307-anos-de-cuiaba","status":"publish","type":"post","link":"https:\/\/nazarenonews.com.br\/index.php\/2026\/01\/12\/abilio-negocia-shows-nacionais-para-comemorar-os-307-anos-de-cuiaba\/","title":{"rendered":"Abilio negocia shows nacionais para comemorar os 307 anos de Cuiab\u00e1"},"content":{"rendered":"\n<p>O prefeito de Cuiab\u00e1, Abilio Brunini (PL), afirmou que j\u00e1 iniciou conversas com artistas de proje\u00e7\u00e3o nacional para a comemora\u00e7\u00e3o dos 307 anos da capital mato-grossense, celebrados no pr\u00f3ximo dia 8 de abril.<\/p>\n\n\n\n<p>A proposta, segundo ele, \u00e9 realizar uma programa\u00e7\u00e3o diversificada, contemplando diferentes estilos musicais.<\/p>\n\n\n\n<p>De acordo com o prefeito, a inten\u00e7\u00e3o \u00e9 promover uma festa com ritmos populares, como samba e sertanejo, al\u00e9m de outras atra\u00e7\u00f5es que devem ser distribu\u00eddas ao longo de dois dias de evento.<\/p>\n\n\n\n<p>A programa\u00e7\u00e3o preliminar prev\u00ea shows no dia 7, com destaque para samba e sertanejo, e apresenta\u00e7\u00f5es de outros g\u00eaneros musicais no pr\u00f3prio dia do anivers\u00e1rio da cidade.<\/p>\n\n\n\n<p>Abilio destacou, no entanto, que a confirma\u00e7\u00e3o do evento e das atra\u00e7\u00f5es ainda depende da capta\u00e7\u00e3o de recursos, principalmente por meio de emendas parlamentares.<\/p>\n\n\n\n<p>Segundo ele, as negocia\u00e7\u00f5es seguem em andamento e a viabiliza\u00e7\u00e3o financeira ser\u00e1 determinante para a realiza\u00e7\u00e3o da comemora\u00e7\u00e3o.<\/p>\n\n\n\n<p>No ano passado, quando Cuiab\u00e1 completou 306 anos, a data passou sem festas oficiais.<\/p>\n\n\n\n<p>Na ocasi\u00e3o, a administra\u00e7\u00e3o municipal alegou dificuldades financeiras e optou por substituir as celebra\u00e7\u00f5es por um grande mutir\u00e3o de limpeza em diversos pontos da cidade.<\/p>\n\n\n\n<p>Folha do estado<\/p>\n","protected":false},"excerpt":{"rendered":"<p>O prefeito de Cuiab\u00e1, Abilio Brunini (PL), afirmou que j\u00e1 iniciou conversas com artistas de proje\u00e7\u00e3o nacional para a comemora\u00e7\u00e3o dos 307 anos da capital mato-grossense, celebrados no pr\u00f3ximo dia 8 de abril. A proposta, segundo ele, \u00e9 realizar uma programa\u00e7\u00e3o diversificada, contemplando diferentes estilos musicais. De acordo com o prefeito, a inten\u00e7\u00e3o \u00e9 promover [&hellip;]<\/p>\n","protected":false},"author":2,"featured_media":19292,"comment_status":"closed","ping_status":"closed","sticky":false,"template":"","format":"standard","meta":{"_monsterinsights_skip_tracking":false,"_monsterinsights_sitenote_active":false,"_monsterinsights_sitenote_note":"","_monsterinsights_sitenote_category":0,"footnotes":""},"categories":[1],"tags":[],"_links":{"self":[{"href":"https:\/\/nazarenonews.com.br\/index.php\/wp-json\/wp\/v2\/posts\/19291"}],"collection":[{"href":"https:\/\/nazarenonews.com.br\/index.php\/wp-json\/wp\/v2\/posts"}],"about":[{"href":"https:\/\/nazarenonews.com.br\/index.php\/wp-json\/wp\/v2\/types\/post"}],"author":[{"embeddable":true,"href":"https:\/\/nazarenonews.com.br\/index.php\/wp-json\/wp\/v2\/users\/2"}],"replies":[{"embeddable":true,"href":"https:\/\/nazarenonews.com.br\/index.php\/wp-json\/wp\/v2\/comments?post=19291"}],"version-history":[{"count":1,"href":"https:\/\/nazarenonews.com.br\/index.php\/wp-json\/wp\/v2\/posts\/19291\/revisions"}],"predecessor-version":[{"id":19293,"href":"https:\/\/nazarenonews.com.br\/index.php\/wp-json\/wp\/v2\/posts\/19291\/revisions\/19293"}],"wp:featuredmedia":[{"embeddable":true,"href":"https:\/\/nazarenonews.com.br\/index.php\/wp-json\/wp\/v2\/media\/19292"}],"wp:attachment":[{"href":"https:\/\/nazarenonews.com.br\/index.php\/wp-json\/wp\/v2\/media?parent=19291"}],"wp:term":[{"taxonomy":"category","embeddable":true,"href":"https:\/\/nazarenonews.com.br\/index.php\/wp-json\/wp\/v2\/categories?post=19291"},{"taxonomy":"post_tag","embeddable":true,"href":"https:\/\/nazarenonews.com.br\/index.php\/wp-json\/wp\/v2\/tags?post=19291"}],"curies":[{"name":"wp","href":"https:\/\/api.w.org\/{rel}","templated":true}]}}