{"id":19288,"date":"2026-01-12T14:36:46","date_gmt":"2026-01-12T18:36:46","guid":{"rendered":"https:\/\/nazarenonews.com.br\/?p=19288"},"modified":"2026-01-12T14:36:46","modified_gmt":"2026-01-12T18:36:46","slug":"ultimo-envolvido-em-sequestro-e-morte-de-tres-motoristas-de-aplicativo-deixando-dhpp","status":"publish","type":"post","link":"https:\/\/nazarenonews.com.br\/index.php\/2026\/01\/12\/ultimo-envolvido-em-sequestro-e-morte-de-tres-motoristas-de-aplicativo-deixando-dhpp\/","title":{"rendered":"\u00daltimo envolvido em sequestro e morte de tr\u00eas motoristas de aplicativo deixando DHPP"},"content":{"rendered":"\n<p>Akcel Lopes de Campos, de 23 anos, preso em Juara (a 656 km de Cuiab\u00e1) na sexta-feira (9), chegou em Cuiab\u00e1 e foi levado \u00e0 sede da Delegacia Especializada de Homic\u00eddios e Prote\u00e7\u00e3o \u00e0 Pessoa (DHPP) na manh\u00e3 de hoje (12). Ele \u00e9 um dos cinco envolvidos na s\u00e9rie de latroc\u00ednios (roubo seguido de morte) contra tr\u00eas motoristas de aplicativo ocorridos em abril de 2024, em Cuiab\u00e1 e V\u00e1rzea Grande.&nbsp;<\/p>\n\n\n\n<p>Os crimes ocorreram entre os dias 11 e 14 de abril de 2024. Quatro bandidos, sendo uma mulher, um homem de 20 anos e dois menores, de 15 e 17 anos, j\u00e1 haviam sido capturados pela pol\u00edcia pouco depois dos latroc\u00ednios que vitimaram M\u00e1rcio Rog\u00e9rio Carneiro, de 34 anos; Elizeu Rosa Coelho, de 58; e Nilson Nogueira, de 42 anos.<\/p>\n\n\n\n<p>Akcel estava foragido desde ent\u00e3o. Ele \u00e9 conhecido como HG e&nbsp;teria participado da morte de M\u00e1rcio Rog\u00e9rio, que foi morto a pauladas. O crime foi gravado.&nbsp;As outras duas v\u00edtimas&nbsp;foram mortas com golpes de faca de serra no pesco\u00e7o.<\/p>\n\n\n\n<p>Conforme noticiado pelo&nbsp;<strong>Rep\u00f3rterMT<\/strong>, o quinto bandido tinha um mandado de pris\u00e3o em aberto, expedido pela 4\u00aa Vara Criminal de V\u00e1rzea Grande. Ele foi localizado em Juara na \u00faltima sexta, ap\u00f3s intenso trabalho de investiga\u00e7\u00e3o e troca de informa\u00e7\u00f5es entre equipes da Pol\u00edcia Civil.<\/p>\n\n\n\n<p>No dia seguinte \u00e0 pris\u00e3o, Akcel passou por audi\u00eancia de cust\u00f3dia por meio de videoconfer\u00eancia e teve a pris\u00e3o mantida pelo juiz Jos\u00e9 Mauro Nagib Jorge, do Plant\u00e3o Criminal de V\u00e1rzea Grande.<\/p>\n\n\n\n<p>Na mesma decis\u00e3o, o magistrado determinou o recambiamento do preso da Cadeia P\u00fablica de Juara para o Centro de Ressocializa\u00e7\u00e3o de Cuiab\u00e1.<\/p>\n\n\n\n<p>Rep\u00f3rter MT<\/p>\n","protected":false},"excerpt":{"rendered":"<p>Akcel Lopes de Campos, de 23 anos, preso em Juara (a 656 km de Cuiab\u00e1) na sexta-feira (9), chegou em Cuiab\u00e1 e foi levado \u00e0 sede da Delegacia Especializada de Homic\u00eddios e Prote\u00e7\u00e3o \u00e0 Pessoa (DHPP) na manh\u00e3 de hoje (12). Ele \u00e9 um dos cinco envolvidos na s\u00e9rie de latroc\u00ednios (roubo seguido de morte) [&hellip;]<\/p>\n","protected":false},"author":2,"featured_media":19289,"comment_status":"closed","ping_status":"closed","sticky":false,"template":"","format":"standard","meta":{"_monsterinsights_skip_tracking":false,"_monsterinsights_sitenote_active":false,"_monsterinsights_sitenote_note":"","_monsterinsights_sitenote_category":0,"footnotes":""},"categories":[1],"tags":[],"_links":{"self":[{"href":"https:\/\/nazarenonews.com.br\/index.php\/wp-json\/wp\/v2\/posts\/19288"}],"collection":[{"href":"https:\/\/nazarenonews.com.br\/index.php\/wp-json\/wp\/v2\/posts"}],"about":[{"href":"https:\/\/nazarenonews.com.br\/index.php\/wp-json\/wp\/v2\/types\/post"}],"author":[{"embeddable":true,"href":"https:\/\/nazarenonews.com.br\/index.php\/wp-json\/wp\/v2\/users\/2"}],"replies":[{"embeddable":true,"href":"https:\/\/nazarenonews.com.br\/index.php\/wp-json\/wp\/v2\/comments?post=19288"}],"version-history":[{"count":1,"href":"https:\/\/nazarenonews.com.br\/index.php\/wp-json\/wp\/v2\/posts\/19288\/revisions"}],"predecessor-version":[{"id":19290,"href":"https:\/\/nazarenonews.com.br\/index.php\/wp-json\/wp\/v2\/posts\/19288\/revisions\/19290"}],"wp:featuredmedia":[{"embeddable":true,"href":"https:\/\/nazarenonews.com.br\/index.php\/wp-json\/wp\/v2\/media\/19289"}],"wp:attachment":[{"href":"https:\/\/nazarenonews.com.br\/index.php\/wp-json\/wp\/v2\/media?parent=19288"}],"wp:term":[{"taxonomy":"category","embeddable":true,"href":"https:\/\/nazarenonews.com.br\/index.php\/wp-json\/wp\/v2\/categories?post=19288"},{"taxonomy":"post_tag","embeddable":true,"href":"https:\/\/nazarenonews.com.br\/index.php\/wp-json\/wp\/v2\/tags?post=19288"}],"curies":[{"name":"wp","href":"https:\/\/api.w.org\/{rel}","templated":true}]}}