{"id":19279,"date":"2026-01-12T07:09:04","date_gmt":"2026-01-12T11:09:04","guid":{"rendered":"https:\/\/nazarenonews.com.br\/?p=19279"},"modified":"2026-01-12T07:09:04","modified_gmt":"2026-01-12T11:09:04","slug":"previsao-do-tempo-instabilidade-marca-o-centro-oeste-nesta-segunda-feira-12","status":"publish","type":"post","link":"https:\/\/nazarenonews.com.br\/index.php\/2026\/01\/12\/previsao-do-tempo-instabilidade-marca-o-centro-oeste-nesta-segunda-feira-12\/","title":{"rendered":"PREVIS\u00c3O DO TEMPO: Instabilidade marca o Centro-Oeste nesta segunda-feira (12)"},"content":{"rendered":"\n<p>Entre as capitais, a temperatura m\u00ednima prevista \u00e9 de 20\u00b0C, em Bras\u00edlia. J\u00e1 a m\u00e1xima deve chegar a 35\u00b0C, em Cuiab\u00e1<\/p>\n\n\n\n<p>Data de publica\u00e7\u00e3o: 11 de Janeiro de 2026, 18:30h<\/p>\n\n\n\n<p>A previs\u00e3o do tempo para a Regi\u00e3o Centro-Oeste nesta segunda-feira (12) indica forte&nbsp;<strong>instabilidade&nbsp;<\/strong>em grande parte da regi\u00e3o.<\/p>\n\n\n\n<p>Em \u00e1reas de Mato Grosso, Mato Grosso do Sul e Goi\u00e1s, o dia ser\u00e1 de muitas nuvens, com&nbsp;<strong>pancadas de chuva acompanhadas de trovoadas isoladas<\/strong>, que podem ocorrer com intensidade ao longo do dia.<\/p>\n\n\n\n<p>No Distrito Federal, a segunda-feira tamb\u00e9m ser\u00e1 de&nbsp;<strong>c\u00e9u com muitas nuvens<\/strong>, com possibilidade de chuva isolada ao longo do dia.<br>Entre as capitais, a temperatura m\u00ednima prevista \u00e9 de 20\u00b0C, em Bras\u00edlia. J\u00e1 a m\u00e1xima deve chegar a 35\u00b0C, em Cuiab\u00e1. A umidade relativa do ar varia entre 40% e 95%.<\/p>\n\n\n\n<h2 class=\"wp-block-heading\">5 motivos para acompanhar as previs\u00f5es do tempo<\/h2>\n\n\n\n<ul>\n<li>Agricultura: garantia de uma boa colheita;<\/li>\n\n\n\n<li>Marinha: prote\u00e7\u00e3o de marinheiros, navios e passageiros;<\/li>\n\n\n\n<li>Aeron\u00e1utica: seguran\u00e7a de pilotos, aeronaves e passageiros;<\/li>\n\n\n\n<li>Pesca: condi\u00e7\u00f5es favor\u00e1veis e seguras para a atividade;<\/li>\n\n\n\n<li>Turismo: garantia de passeios e viagens tranquilas e agrad\u00e1veis.<\/li>\n<\/ul>\n\n\n\n<h2 class=\"wp-block-heading\">Import\u00e2ncia das observa\u00e7\u00f5es meteorol\u00f3gicas no INMET<\/h2>\n\n\n\n<p>As observa\u00e7\u00f5es meteorol\u00f3gicas do&nbsp;<a href=\"https:\/\/portal.inmet.gov.br\/\">INMET<\/a>&nbsp;s\u00e3o essenciais para previs\u00f5es em tempo real, estat\u00edsticas clim\u00e1ticas e coopera\u00e7\u00e3o internacional. Esses dados precisos ajudam a estudar o clima passado e a produzir Normais Climatol\u00f3gicas conforme a&nbsp;<strong>Organiza\u00e7\u00e3o Meteorol\u00f3gica Mundial<\/strong>&nbsp;(<a href=\"https:\/\/worldweather.wmo.int\/pt\/home.html\">OMM<\/a>).<\/p>\n\n\n\n<p>As informa\u00e7\u00f5es s\u00e3o do<strong>&nbsp;Instituto Nacional de Meteorologia<\/strong>&nbsp;(<a href=\"https:\/\/portal.inmet.gov.br\/\">Inmet<\/a>).<\/p>\n","protected":false},"excerpt":{"rendered":"<p>Entre as capitais, a temperatura m\u00ednima prevista \u00e9 de 20\u00b0C, em Bras\u00edlia. J\u00e1 a m\u00e1xima deve chegar a 35\u00b0C, em Cuiab\u00e1 Data de publica\u00e7\u00e3o: 11 de Janeiro de 2026, 18:30h A previs\u00e3o do tempo para a Regi\u00e3o Centro-Oeste nesta segunda-feira (12) indica forte&nbsp;instabilidade&nbsp;em grande parte da regi\u00e3o. Em \u00e1reas de Mato Grosso, Mato Grosso do [&hellip;]<\/p>\n","protected":false},"author":2,"featured_media":19036,"comment_status":"closed","ping_status":"closed","sticky":false,"template":"","format":"standard","meta":{"_monsterinsights_skip_tracking":false,"_monsterinsights_sitenote_active":false,"_monsterinsights_sitenote_note":"","_monsterinsights_sitenote_category":0,"footnotes":""},"categories":[52],"tags":[],"_links":{"self":[{"href":"https:\/\/nazarenonews.com.br\/index.php\/wp-json\/wp\/v2\/posts\/19279"}],"collection":[{"href":"https:\/\/nazarenonews.com.br\/index.php\/wp-json\/wp\/v2\/posts"}],"about":[{"href":"https:\/\/nazarenonews.com.br\/index.php\/wp-json\/wp\/v2\/types\/post"}],"author":[{"embeddable":true,"href":"https:\/\/nazarenonews.com.br\/index.php\/wp-json\/wp\/v2\/users\/2"}],"replies":[{"embeddable":true,"href":"https:\/\/nazarenonews.com.br\/index.php\/wp-json\/wp\/v2\/comments?post=19279"}],"version-history":[{"count":1,"href":"https:\/\/nazarenonews.com.br\/index.php\/wp-json\/wp\/v2\/posts\/19279\/revisions"}],"predecessor-version":[{"id":19280,"href":"https:\/\/nazarenonews.com.br\/index.php\/wp-json\/wp\/v2\/posts\/19279\/revisions\/19280"}],"wp:featuredmedia":[{"embeddable":true,"href":"https:\/\/nazarenonews.com.br\/index.php\/wp-json\/wp\/v2\/media\/19036"}],"wp:attachment":[{"href":"https:\/\/nazarenonews.com.br\/index.php\/wp-json\/wp\/v2\/media?parent=19279"}],"wp:term":[{"taxonomy":"category","embeddable":true,"href":"https:\/\/nazarenonews.com.br\/index.php\/wp-json\/wp\/v2\/categories?post=19279"},{"taxonomy":"post_tag","embeddable":true,"href":"https:\/\/nazarenonews.com.br\/index.php\/wp-json\/wp\/v2\/tags?post=19279"}],"curies":[{"name":"wp","href":"https:\/\/api.w.org\/{rel}","templated":true}]}}