{"id":19277,"date":"2026-01-12T07:07:15","date_gmt":"2026-01-12T11:07:15","guid":{"rendered":"https:\/\/nazarenonews.com.br\/?p=19277"},"modified":"2026-01-12T07:07:16","modified_gmt":"2026-01-12T11:07:16","slug":"boi-gordo-hoje-confira-as-cotacoes-para-esta-segunda-feira-12","status":"publish","type":"post","link":"https:\/\/nazarenonews.com.br\/index.php\/2026\/01\/12\/boi-gordo-hoje-confira-as-cotacoes-para-esta-segunda-feira-12\/","title":{"rendered":"Boi gordo hoje: confira as cota\u00e7\u00f5es para esta\u00a0segunda-feira (12)"},"content":{"rendered":"\n<p>O pre\u00e7o do su\u00edno vivo apresenta varia\u00e7\u00f5es em todos os estados; o frango resfriado e o congelado t\u00eam desvaloriza\u00e7\u00e3o<\/p>\n\n\n\n<p>O pre\u00e7o do <strong>boi gordo<\/strong> abre esta <strong>segunda-feira (12)<\/strong> em&nbsp;<strong>alta<\/strong> de<strong> 0,03%.&nbsp;<\/strong>A arroba \u00e9 negociada a<strong> R$ 319,40<\/strong>, no estado de S\u00e3o Paulo.<\/p>\n\n\n\n<p><strong>INDICADOR DO BOI GORDO CEPEA\/ESALQ<\/strong><\/p>\n\n\n\n<figure class=\"wp-block-table\"><table><thead><tr><th>DATA<\/th><th>VALOR R$*<\/th><th>VAR.\/DIA<\/th><th>VAR.\/M\u00caS<\/th><th>VALOR US$*<\/th><\/tr><\/thead><tbody><tr><td>09\/01\/2026<\/td><td>319,40<\/td><td>0,03%<\/td><td>0,06%<\/td><td>59,51<\/td><\/tr><tr><td>08\/01\/2026<\/td><td>319,30<\/td><td>0,36%<\/td><td>0,03%<\/td><td>59,23<\/td><\/tr><tr><td>07\/01\/2026<\/td><td>318,15<\/td><td>-0,16%<\/td><td>-0,33%<\/td><td>59,04<\/td><\/tr><tr><td>06\/01\/2026<\/td><td>318,65<\/td><td>0,05%<\/td><td>-0,17%<\/td><td>59,25<\/td><\/tr><tr><td>05\/01\/2026<\/td><td>318,50<\/td><td>-0,22%<\/td><td>-0,22%<\/td><td>58,96<\/td><\/tr><\/tbody><\/table><\/figure>\n\n\n\n<h2 class=\"wp-block-heading\">Pre\u00e7o do frango congelado e resfriado<\/h2>\n\n\n\n<p>Nos atacados da Grande S\u00e3o Paulo, S\u00e3o Jos\u00e9 do Rio Preto e Descalvado, os pre\u00e7os do <strong>frango congelado<\/strong>&nbsp;apresentaram <strong>desvaloriza\u00e7\u00e3o de 1,70%<\/strong>, enquanto os do&nbsp;<strong>frango resfriado&nbsp;<\/strong>apresentaram <strong>queda de 1,95%<\/strong>. A primeira mercadoria \u00e9 vendida a<strong> R$ 7,51<\/strong>, enquanto a segunda \u00e9 comercializada a <strong>R$ 7,54<\/strong>.<\/p>\n\n\n\n<p><strong>PRE\u00c7OS DO FRANGO CONGELADO CEPEA\/ESALQ &#8211; ESTADO SP&nbsp;<\/strong><\/p>\n\n\n\n<figure class=\"wp-block-table\"><table><thead><tr><th>DATA<\/th><th>VALOR R$<\/th><th>VAR.\/DIA<\/th><th>VAR.\/M\u00caS<\/th><\/tr><\/thead><tbody><tr><td>09\/01\/2026<\/td><td>7,51<\/td><td>-1,70%<\/td><td>-7,51%<\/td><\/tr><tr><td>08\/01\/2026<\/td><td>7,64<\/td><td>0,00%<\/td><td>-5,91%<\/td><\/tr><tr><td>07\/01\/2026<\/td><td>7,64<\/td><td>-0,91%<\/td><td>-5,91%<\/td><\/tr><tr><td>06\/01\/2026<\/td><td>7,71<\/td><td>0,00%<\/td><td>-5,05%<\/td><\/tr><tr><td>05\/01\/2026<\/td><td>7,71<\/td><td>-4,46%<\/td><td>-5,05%<\/td><\/tr><\/tbody><\/table><\/figure>\n\n\n\n<p><strong>PRE\u00c7OS DO FRANGO RESFRIADO CEPEA\/ESALQ &#8211; ESTADO SP<\/strong><\/p>\n\n\n\n<figure class=\"wp-block-table\"><table><thead><tr><th>DATA<\/th><th>VALOR R$<\/th><th>VAR.\/DIA<\/th><th>VAR.\/M\u00caS<\/th><\/tr><\/thead><tbody><tr><td>09\/01\/2026<\/td><td>7,54<\/td><td>-1,95%<\/td><td>-7,37%<\/td><\/tr><tr><td>08\/01\/2026<\/td><td>7,69<\/td><td>0,00%<\/td><td>-5,53%<\/td><\/tr><tr><td>07\/01\/2026<\/td><td>7,69<\/td><td>-1,16%<\/td><td>-5,53%<\/td><\/tr><tr><td>06\/01\/2026<\/td><td>7,78<\/td><td>0,00%<\/td><td>-4,42%<\/td><\/tr><tr><td>05\/01\/2026<\/td><td>7,78<\/td><td>-3,95%<\/td><td>-4,42%<\/td><\/tr><\/tbody><\/table><\/figure>\n\n\n\n<h2 class=\"wp-block-heading\">Pre\u00e7o da carca\u00e7a su\u00edna especial e do su\u00edno vivo<\/h2>\n\n\n\n<p>A <strong>carca\u00e7a su\u00edna especial <\/strong>tamb\u00e9m volta a apontar<strong>&nbsp;queda de 0,39%<\/strong>&nbsp;no pre\u00e7o<strong>,<\/strong>&nbsp;sendo negociada a <strong>R$ 12,84&nbsp;<\/strong>por quilo nos atacados da Grande S\u00e3o Paulo.<\/p>\n\n\n\n<p><strong>PRE\u00c7OS DA CARCA\u00c7A SU\u00cdNA ESPECIAL (R$\/kg)<\/strong><\/p>\n\n\n\n<figure class=\"wp-block-table\"><table><thead><tr><th>DATA<\/th><th>M\u00c9DIA<\/th><th>VAR.\/DIA<\/th><th>VAR.\/M\u00caS<\/th><\/tr><\/thead><tbody><tr><td>09\/01\/2026<\/td><td>12,84<\/td><td>-0,39%<\/td><td>-0,16%<\/td><\/tr><tr><td>08\/01\/2026<\/td><td>12,89<\/td><td>0,00%<\/td><td>0,23%<\/td><\/tr><tr><td>07\/01\/2026<\/td><td>12,89<\/td><td>0,00%<\/td><td>0,23%<\/td><\/tr><tr><td>06\/01\/2026<\/td><td>12,89<\/td><td>-0,08%<\/td><td>0,23%<\/td><\/tr><tr><td>05\/01\/2026<\/td><td>12,90<\/td><td>0,39%<\/td><td>0,31%<\/td><\/tr><\/tbody><\/table><\/figure>\n\n\n\n<p>O pre\u00e7o do <strong>su\u00edno vivo<\/strong> registra <strong>alta de 0,22%&nbsp;<\/strong>em&nbsp;<strong>S\u00e3o Paulo&nbsp;<\/strong>e de <strong>0,36%&nbsp;<\/strong>no&nbsp;<strong>Paran\u00e1<\/strong>, e&nbsp;<strong>baixa de 1,18%&nbsp;<\/strong>em&nbsp;<strong>Minas Gerais<\/strong>,&nbsp;de <strong>0,36%<\/strong> no<strong>Rio Grande do Sul&nbsp;<\/strong>e<strong>&nbsp;de 0,12% <\/strong>em <strong>Santa Catarina<\/strong>. As mercadorias variam entre <strong>R$ 8,25<\/strong>&nbsp;e <strong>R$ 8,91<\/strong>.<\/p>\n\n\n\n<p><strong>INDICADOR DO SU\u00cdNO VIVO CEPEA\/ESALQ (R$\/kg)&nbsp;<\/strong><\/p>\n\n\n\n<figure class=\"wp-block-table\"><table><thead><tr><th>DATA<\/th><th>ESTADO<\/th><th>VALOR R$*<\/th><th>VAR.\/DIA<\/th><th>VAR.\/M\u00caS<\/th><\/tr><\/thead><tbody><tr><td>09\/01\/2026<\/td><td>MG &#8211; posto<\/td><td>8,35<\/td><td>-1,18%<\/td><td>-0,95%<\/td><\/tr><tr><td>09\/01\/2026<\/td><td>PR &#8211; a retirar<\/td><td>8,25<\/td><td>0,36%<\/td><td>-0,24%<\/td><\/tr><tr><td>09\/01\/2026<\/td><td>RS &#8211; a retirar<\/td><td>8,26<\/td><td>-0,36%<\/td><td>-0,48%<\/td><\/tr><tr><td>09\/01\/2026<\/td><td>SC &#8211; a retirar<\/td><td>8,31<\/td><td>-0,12%<\/td><td>-0,48%<\/td><\/tr><tr><td>09\/01\/2026<\/td><td>SP &#8211; posto<\/td><td>8,91<\/td><td>0,22%<\/td><td>0,00%<\/td><\/tr><\/tbody><\/table><\/figure>\n\n\n\n<p>Os valores s\u00e3o do <a href=\"http:\/\/www.cepea.org.br\" target=\"_blank\" rel=\"noreferrer noopener\"><strong>Cepea<\/strong><\/a>.<\/p>\n\n\n\n<h2 class=\"wp-block-heading\">O que \u00e9 o boi gordo? Entenda o termo do mercado bovino<\/h2>\n\n\n\n<p>O <strong>boi gordo \u00e9 o bovino macho pronto para o abate, com peso m\u00ednimo de 16 arrobas l\u00edquidas de carca\u00e7a (aproximadamente 240 kg) e at\u00e9 42 meses de idade<\/strong>. Atende aos padr\u00f5es do mercado nacional e internacional, incluindo exporta\u00e7\u00f5es para Europa, China e cota Hilton.<\/p>\n\n\n\n<h2 class=\"wp-block-heading\">Diferen\u00e7as entre frango congelado e frango resfriado<\/h2>\n\n\n\n<p>O<strong> frango congelado passa por congelamento r\u00e1pido, com temperaturas abaixo de -12\u00b0C<\/strong>, garantindo maior vida \u00fatil para armazenamento e transporte a longas dist\u00e2ncias. J\u00e1 o<strong> frango resfriado \u00e9 mantido entre 0\u00b0C e 4\u00b0C, com validade de 5 a 7 dias<\/strong>, oferecendo textura e sabor mais pr\u00f3ximos do fresco, ideal para consumidores exigentes e restaurantes.<\/p>\n\n\n\n<p>Fonte: <a href=\"https:\/\/brasil61.com\/n\/boi-gordo-hoje-confira-as-cotacoes-para-esta-segunda-feira-12-pagr266032\" target=\"_blank\" rel=\"noreferrer noopener\">Brasil 61<\/a><\/p>\n","protected":false},"excerpt":{"rendered":"<p>O pre\u00e7o do su\u00edno vivo apresenta varia\u00e7\u00f5es em todos os estados; o frango resfriado e o congelado t\u00eam desvaloriza\u00e7\u00e3o O pre\u00e7o do boi gordo abre esta segunda-feira (12) em&nbsp;alta de 0,03%.&nbsp;A arroba \u00e9 negociada a R$ 319,40, no estado de S\u00e3o Paulo. INDICADOR DO BOI GORDO CEPEA\/ESALQ DATA VALOR R$* VAR.\/DIA VAR.\/M\u00caS VALOR US$* 09\/01\/2026 [&hellip;]<\/p>\n","protected":false},"author":2,"featured_media":19017,"comment_status":"closed","ping_status":"closed","sticky":false,"template":"","format":"standard","meta":{"_monsterinsights_skip_tracking":false,"_monsterinsights_sitenote_active":false,"_monsterinsights_sitenote_note":"","_monsterinsights_sitenote_category":0,"footnotes":""},"categories":[54],"tags":[],"_links":{"self":[{"href":"https:\/\/nazarenonews.com.br\/index.php\/wp-json\/wp\/v2\/posts\/19277"}],"collection":[{"href":"https:\/\/nazarenonews.com.br\/index.php\/wp-json\/wp\/v2\/posts"}],"about":[{"href":"https:\/\/nazarenonews.com.br\/index.php\/wp-json\/wp\/v2\/types\/post"}],"author":[{"embeddable":true,"href":"https:\/\/nazarenonews.com.br\/index.php\/wp-json\/wp\/v2\/users\/2"}],"replies":[{"embeddable":true,"href":"https:\/\/nazarenonews.com.br\/index.php\/wp-json\/wp\/v2\/comments?post=19277"}],"version-history":[{"count":1,"href":"https:\/\/nazarenonews.com.br\/index.php\/wp-json\/wp\/v2\/posts\/19277\/revisions"}],"predecessor-version":[{"id":19278,"href":"https:\/\/nazarenonews.com.br\/index.php\/wp-json\/wp\/v2\/posts\/19277\/revisions\/19278"}],"wp:featuredmedia":[{"embeddable":true,"href":"https:\/\/nazarenonews.com.br\/index.php\/wp-json\/wp\/v2\/media\/19017"}],"wp:attachment":[{"href":"https:\/\/nazarenonews.com.br\/index.php\/wp-json\/wp\/v2\/media?parent=19277"}],"wp:term":[{"taxonomy":"category","embeddable":true,"href":"https:\/\/nazarenonews.com.br\/index.php\/wp-json\/wp\/v2\/categories?post=19277"},{"taxonomy":"post_tag","embeddable":true,"href":"https:\/\/nazarenonews.com.br\/index.php\/wp-json\/wp\/v2\/tags?post=19277"}],"curies":[{"name":"wp","href":"https:\/\/api.w.org\/{rel}","templated":true}]}}