{"id":19275,"date":"2026-01-12T07:06:05","date_gmt":"2026-01-12T11:06:05","guid":{"rendered":"https:\/\/nazarenonews.com.br\/?p=19275"},"modified":"2026-01-12T07:06:05","modified_gmt":"2026-01-12T11:06:05","slug":"dolar-moeda-perde-forca-com-ipca-dentro-da-meta-e-payroll-dos-eua-abaixo-do-esperado","status":"publish","type":"post","link":"https:\/\/nazarenonews.com.br\/index.php\/2026\/01\/12\/dolar-moeda-perde-forca-com-ipca-dentro-da-meta-e-payroll-dos-eua-abaixo-do-esperado\/","title":{"rendered":"D\u00d3LAR: moeda perde for\u00e7a com IPCA dentro da meta e payroll dos EUA abaixo do esperado"},"content":{"rendered":"\n<p>Infla\u00e7\u00e3o brasileira tem menor varia\u00e7\u00e3o acumulada em 12 meses desde 2018; d\u00f3lar fecha a semana em queda acumulada de 1,10%<\/p>\n\n\n\n<p>Data de publica\u00e7\u00e3o: 09 de Janeiro de 2026, 23:20h<\/p>\n\n\n\n<p>O&nbsp;<strong>d\u00f3lar comercial&nbsp;<\/strong>encerrou o \u00faltimo preg\u00e3o em&nbsp;<strong>queda<\/strong>&nbsp;de&nbsp;<strong>0,43%<\/strong>&nbsp;frente ao real, cotado a&nbsp;<strong>R$5,37<\/strong>, fechando a semana com&nbsp;<strong>queda acumulada de 1,10%<\/strong>. O c\u00e2mbio&nbsp;<strong>contrariou a tend\u00eancia externa<\/strong>, com o indicador&nbsp;<strong>DXY<\/strong>&nbsp;\u2014 que compara o d\u00f3lar a uma cesta de seis divisas globais como euro e libra \u2014 apresentando&nbsp;<strong>alta de 0,20%<\/strong>. O desempenho da moeda estadunidense foi&nbsp;<strong>influenciado<\/strong>&nbsp;pela divulga\u00e7\u00e3o da&nbsp;<strong>infla\u00e7\u00e3o do Brasil no menor patamar anual desde 2018<\/strong>&nbsp;e pelo&nbsp;<strong>payroll estadunidense abaixo do esperado<\/strong>.<\/p>\n\n\n\n<p>O&nbsp;<strong>\u00cdndice Nacional de Pre\u00e7os ao Consumidor Amplo (IPCA)<\/strong>&nbsp;de dezembro, divulgado nesta sexta-feira (9) pelo Instituto Brasileiro de Geografia e Estat\u00edstica (IBGE), mostrou&nbsp;<strong>avan\u00e7o de 0,33%<\/strong>&nbsp;no \u00faltimo m\u00eas de 2025, ap\u00f3s&nbsp;<strong>alta de 0,18%<\/strong>&nbsp;em&nbsp;<strong>novembro<\/strong>. Dessa forma, a<strong>&nbsp;infla\u00e7\u00e3o oficial<\/strong>&nbsp;do Brasil fechou o ano em&nbsp;<strong>4,26%<\/strong>,&nbsp;<strong>dentro da meta de 3% do Banco Central<\/strong>&nbsp;\u2014 com margem de 1,5% para cima ou para baixo \u2014 e alinhada \u00e0s expectativas do mercado. O resultado da&nbsp;<strong>varia\u00e7\u00e3o acumulada em 12 meses<\/strong>&nbsp;\u00e9 o&nbsp;<strong>menor registrado&nbsp;desde 2018<\/strong>, quando foi de 3,75%.<\/p>\n\n\n\n<p>Tamb\u00e9m nesta sexta, o Departamento do Trabalho dos Estados Unidos divulgou o&nbsp;<strong>relat\u00f3rio oficial de empregos do pa\u00eds<\/strong>&nbsp;\u2014 o&nbsp;<strong>payroll<\/strong>&nbsp;\u2014, que mostrou a&nbsp;<strong>cria\u00e7\u00e3o de 50 mil vagas de emprego<\/strong>&nbsp;em dezembro de 2025. O resultado veio&nbsp;<strong>abaixo das expectativas do mercado<\/strong>, apesar da<strong>&nbsp;taxa de desemprego, de 4,4%<\/strong>,&nbsp;<strong>inferior<\/strong>&nbsp;\u00e0 de novembro.<\/p>\n\n\n\n<p>Analistas do setor explicam que o resultado do payroll abaixo do esperado e do IPCA dentro da meta do BC&nbsp;<strong>empurraram o enfraquecimento do d\u00f3lar<\/strong>&nbsp;durante a sess\u00e3o, apesar da&nbsp;<strong>pouca convic\u00e7\u00e3o estrutural<\/strong>. Segundo alguns deles, o c\u00e2mbio vem operando com<strong>&nbsp;baixa varia\u00e7\u00e3o&nbsp;<\/strong>devido \u00e0&nbsp;<strong>falta de dados econ\u00f4micos<\/strong>&nbsp;<strong>que sinalizem para tend\u00eancias mais delimitadas<\/strong>&nbsp;ainda no in\u00edcio do ano, o que&nbsp;<strong>deve mudar<\/strong>&nbsp;a partir da&nbsp;<strong>consolida\u00e7\u00e3o das participa\u00e7\u00f5es na pr\u00f3xima corrida eleitoral<\/strong>.<\/p>\n\n\n\n<h2 class=\"wp-block-heading\">Cota\u00e7\u00e3o do euro<\/h2>\n\n\n\n<p>O&nbsp;<strong>euro<\/strong>, por sua vez, encerrou a sess\u00e3o cotado a&nbsp;<strong>R$6,23<\/strong>, o que representa uma&nbsp;<strong>queda<\/strong>&nbsp;de&nbsp;<strong>0,65%<\/strong>.<\/p>\n\n\n\n<h2 class=\"wp-block-heading\">Cota\u00e7\u00f5es<\/h2>\n\n\n\n<p>A tabela abaixo mostra as cota\u00e7\u00f5es cruzadas entre as principais moedas internacionais e o real. Cada c\u00e9lula indica quanto vale 1 unidade da moeda da linha em rela\u00e7\u00e3o \u00e0 moeda da coluna.<\/p>\n\n\n\n<figure class=\"wp-block-table\"><table><thead><tr><th>C\u00f3digo<\/th><th>BRL<\/th><th>USD<\/th><th>EUR<\/th><th>GBP<\/th><th>JPY<\/th><th>CHF<\/th><th>CAD<\/th><th>AUD<\/th><\/tr><\/thead><tbody><tr><th>BRL<\/th><td>1<\/td><td>0,1862<\/td><td>0,1602<\/td><td>0,1390<\/td><td>29,3950<\/td><td>0,1491<\/td><td>0,2590<\/td><td>0,2787<\/td><\/tr><tr><th>USD<\/th><td>5,3715<\/td><td>1<\/td><td>0,8594<\/td><td>0,7459<\/td><td>157,90<\/td><td>0,8008<\/td><td>1,3910<\/td><td>1,4947<\/td><\/tr><tr><th>EUR<\/th><td>6,2407<\/td><td>1,1635<\/td><td>1<\/td><td>0,8678<\/td><td>183,72<\/td><td>0,9318<\/td><td>1,6184<\/td><td>1,7393<\/td><\/tr><tr><th>GBP<\/th><td>7,1912<\/td><td>1,3407<\/td><td>1,1523<\/td><td>1<\/td><td>211,69<\/td><td>1,0736<\/td><td>1,8648<\/td><td>2,0041<\/td><\/tr><tr><th>JPY<\/th><td>3,40205<\/td><td>0,633332<\/td><td>0,54429<\/td><td>0,472378<\/td><td>1<\/td><td>0,5072<\/td><td>0,88099<\/td><td>0,94670<\/td><\/tr><tr><th>CHF<\/th><td>6,7077<\/td><td>1,2488<\/td><td>1,0733<\/td><td>0,9314<\/td><td>197,20<\/td><td>1<\/td><td>1,7371<\/td><td>1,8667<\/td><\/tr><tr><th>CAD<\/th><td>3,8616<\/td><td>0,7189<\/td><td>0,6178<\/td><td>0,5363<\/td><td>113,52<\/td><td>0,5757<\/td><td>1<\/td><td>1,0746<\/td><\/tr><tr><th>AUD<\/th><td>3,5886<\/td><td>0,6689<\/td><td>0,5750<\/td><td>0,4990<\/td><td>105,63<\/td><td>0,5357<\/td><td>0,9305<\/td><td>1<\/td><\/tr><\/tbody><\/table><\/figure>\n\n\n\n<p>Os dados s\u00e3o da&nbsp;<a href=\"https:\/\/br.investing.com\/\">Investing.com<\/a><\/p>\n","protected":false},"excerpt":{"rendered":"<p>Infla\u00e7\u00e3o brasileira tem menor varia\u00e7\u00e3o acumulada em 12 meses desde 2018; d\u00f3lar fecha a semana em queda acumulada de 1,10% Data de publica\u00e7\u00e3o: 09 de Janeiro de 2026, 23:20h O&nbsp;d\u00f3lar comercial&nbsp;encerrou o \u00faltimo preg\u00e3o em&nbsp;queda&nbsp;de&nbsp;0,43%&nbsp;frente ao real, cotado a&nbsp;R$5,37, fechando a semana com&nbsp;queda acumulada de 1,10%. O c\u00e2mbio&nbsp;contrariou a tend\u00eancia externa, com o indicador&nbsp;DXY&nbsp;\u2014 que [&hellip;]<\/p>\n","protected":false},"author":2,"featured_media":18869,"comment_status":"closed","ping_status":"closed","sticky":false,"template":"","format":"standard","meta":{"_monsterinsights_skip_tracking":false,"_monsterinsights_sitenote_active":false,"_monsterinsights_sitenote_note":"","_monsterinsights_sitenote_category":0,"footnotes":""},"categories":[54],"tags":[],"_links":{"self":[{"href":"https:\/\/nazarenonews.com.br\/index.php\/wp-json\/wp\/v2\/posts\/19275"}],"collection":[{"href":"https:\/\/nazarenonews.com.br\/index.php\/wp-json\/wp\/v2\/posts"}],"about":[{"href":"https:\/\/nazarenonews.com.br\/index.php\/wp-json\/wp\/v2\/types\/post"}],"author":[{"embeddable":true,"href":"https:\/\/nazarenonews.com.br\/index.php\/wp-json\/wp\/v2\/users\/2"}],"replies":[{"embeddable":true,"href":"https:\/\/nazarenonews.com.br\/index.php\/wp-json\/wp\/v2\/comments?post=19275"}],"version-history":[{"count":1,"href":"https:\/\/nazarenonews.com.br\/index.php\/wp-json\/wp\/v2\/posts\/19275\/revisions"}],"predecessor-version":[{"id":19276,"href":"https:\/\/nazarenonews.com.br\/index.php\/wp-json\/wp\/v2\/posts\/19275\/revisions\/19276"}],"wp:featuredmedia":[{"embeddable":true,"href":"https:\/\/nazarenonews.com.br\/index.php\/wp-json\/wp\/v2\/media\/18869"}],"wp:attachment":[{"href":"https:\/\/nazarenonews.com.br\/index.php\/wp-json\/wp\/v2\/media?parent=19275"}],"wp:term":[{"taxonomy":"category","embeddable":true,"href":"https:\/\/nazarenonews.com.br\/index.php\/wp-json\/wp\/v2\/categories?post=19275"},{"taxonomy":"post_tag","embeddable":true,"href":"https:\/\/nazarenonews.com.br\/index.php\/wp-json\/wp\/v2\/tags?post=19275"}],"curies":[{"name":"wp","href":"https:\/\/api.w.org\/{rel}","templated":true}]}}