{"id":19269,"date":"2026-01-12T07:02:29","date_gmt":"2026-01-12T11:02:29","guid":{"rendered":"https:\/\/nazarenonews.com.br\/?p=19269"},"modified":"2026-01-12T09:15:07","modified_gmt":"2026-01-12T13:15:07","slug":"cancer-de-intestino-e-2-mais-comum-no-homem-habito-influencia","status":"publish","type":"post","link":"https:\/\/nazarenonews.com.br\/index.php\/2026\/01\/12\/cancer-de-intestino-e-2-mais-comum-no-homem-habito-influencia\/","title":{"rendered":"\u201cC\u00e2ncer de intestino \u00e9 2\u00b0 mais comum no homem; h\u00e1bito influencia\u201d"},"content":{"rendered":"\n<p>O gastroenterologista e endoscopista Roberto Barreto, vice-presidente da Sociedade Brasileira de Endoscopia Digestiva de Mato Grosso&nbsp;(Sobed-MT), afirmou que o c\u00e2ncer colorretal j\u00e1 \u00e9 o segundo mais comum entre homens e mulheres e tem apresentado crescimento preocupante nos \u00faltimos anos.<\/p>\n\n\n\n<p>A doen\u00e7a ocupa posi\u00e7\u00e3o de destaque nas estat\u00edsticas em Mato Grosso, no Brasil e no mundo. Segundo ele, o crescimento se d\u00e1, principalmente,&nbsp;por h\u00e1bitos de vida e alimentares.&nbsp;<\/p>\n\n\n\n<p>Embora a maior parte dos diagn\u00f3sticos ainda ocorra em pessoas acima dos 50 anos, o perfil dos pacientes tem mudado. Casos em indiv\u00edduos com menos de 40 anos t\u00eam se tornado frequentes, cen\u00e1rio que preocupa especialistas e refor\u00e7a a import\u00e2ncia da preven\u00e7\u00e3o e do rastreamento precoce.<\/p>\n\n\n\n<p>\u201cO que tem nos assustado \u00e9 o crescimento significativo do c\u00e2ncer de intestino, inclusive em pessoas mais jovens. Isso est\u00e1 diretamente ligado aos h\u00e1bitos de vida e alimentares adotados nas \u00faltimas d\u00e9cadas, como o consumo excessivo de ultraprocessados, sedentarismo, obesidade, tabagismo e \u00e1lcool\u201d, disse o especialista.<\/p>\n\n\n\n<p>Em entrevista a imprensa, o m\u00e9dico disse que\u00a0apesar de existirem fatores gen\u00e9ticos associados ao c\u00e2ncer colorretal, eles representam a minoria dos casos.\u00a0A maior parte est\u00e1 relacionada a fatores modific\u00e1veis. Ele citou\u00a0h\u00e1bitos alimentares ruins como\u00a0consumo de alimentos ultraprocessados, o sedentarismo e a obesidade.<\/p>\n\n\n\n<p>Midianews<\/p>\n","protected":false},"excerpt":{"rendered":"<p>O gastroenterologista e endoscopista Roberto Barreto, vice-presidente da Sociedade Brasileira de Endoscopia Digestiva de Mato Grosso&nbsp;(Sobed-MT), afirmou que o c\u00e2ncer colorretal j\u00e1 \u00e9 o segundo mais comum entre homens e mulheres e tem apresentado crescimento preocupante nos \u00faltimos anos. A doen\u00e7a ocupa posi\u00e7\u00e3o de destaque nas estat\u00edsticas em Mato Grosso, no Brasil e no mundo. [&hellip;]<\/p>\n","protected":false},"author":2,"featured_media":19282,"comment_status":"closed","ping_status":"closed","sticky":false,"template":"","format":"standard","meta":{"_monsterinsights_skip_tracking":false,"_monsterinsights_sitenote_active":false,"_monsterinsights_sitenote_note":"","_monsterinsights_sitenote_category":0,"footnotes":""},"categories":[1],"tags":[],"_links":{"self":[{"href":"https:\/\/nazarenonews.com.br\/index.php\/wp-json\/wp\/v2\/posts\/19269"}],"collection":[{"href":"https:\/\/nazarenonews.com.br\/index.php\/wp-json\/wp\/v2\/posts"}],"about":[{"href":"https:\/\/nazarenonews.com.br\/index.php\/wp-json\/wp\/v2\/types\/post"}],"author":[{"embeddable":true,"href":"https:\/\/nazarenonews.com.br\/index.php\/wp-json\/wp\/v2\/users\/2"}],"replies":[{"embeddable":true,"href":"https:\/\/nazarenonews.com.br\/index.php\/wp-json\/wp\/v2\/comments?post=19269"}],"version-history":[{"count":1,"href":"https:\/\/nazarenonews.com.br\/index.php\/wp-json\/wp\/v2\/posts\/19269\/revisions"}],"predecessor-version":[{"id":19271,"href":"https:\/\/nazarenonews.com.br\/index.php\/wp-json\/wp\/v2\/posts\/19269\/revisions\/19271"}],"wp:featuredmedia":[{"embeddable":true,"href":"https:\/\/nazarenonews.com.br\/index.php\/wp-json\/wp\/v2\/media\/19282"}],"wp:attachment":[{"href":"https:\/\/nazarenonews.com.br\/index.php\/wp-json\/wp\/v2\/media?parent=19269"}],"wp:term":[{"taxonomy":"category","embeddable":true,"href":"https:\/\/nazarenonews.com.br\/index.php\/wp-json\/wp\/v2\/categories?post=19269"},{"taxonomy":"post_tag","embeddable":true,"href":"https:\/\/nazarenonews.com.br\/index.php\/wp-json\/wp\/v2\/tags?post=19269"}],"curies":[{"name":"wp","href":"https:\/\/api.w.org\/{rel}","templated":true}]}}