{"id":19266,"date":"2026-01-12T07:00:36","date_gmt":"2026-01-12T11:00:36","guid":{"rendered":"https:\/\/nazarenonews.com.br\/?p=19266"},"modified":"2026-01-12T09:19:16","modified_gmt":"2026-01-12T13:19:16","slug":"corrida-trava-o-transito-e-causa-longas-filas-de-carros-em-cuiaba","status":"publish","type":"post","link":"https:\/\/nazarenonews.com.br\/index.php\/2026\/01\/12\/corrida-trava-o-transito-e-causa-longas-filas-de-carros-em-cuiaba\/","title":{"rendered":"Corrida trava o tr\u00e2nsito e causa longas filas de carros em Cuiab\u00e1"},"content":{"rendered":"\n<p>A Corrida de Reis, realizada na manh\u00e3 deste domingo (11) no Parque Novo Mato Grosso, causou lentid\u00e3o no tr\u00e2nsito e congestionamento na Avenida Emanuel Pinheiro, em Cuiab\u00e1.<\/p>\n\n\n\n<p>Imagens registradas por motoristas mostram uma longa fila de carros na sa\u00edda da capital em dire\u00e7\u00e3o \u00e0 MT-251, trajeto que leva ao Parque Novo Mato Grosso.<\/p>\n\n\n\n<p>Em outra publica\u00e7\u00e3o, realizada pelo perfil CV nas Alturas, \u00e9 poss\u00edvel ver a extens\u00e3o do tr\u00e2nsito que se formou pela rodovia de acesso ao parque.<\/p>\n\n\n\n<p>Motoristas enfrentaram lentid\u00e3o e reten\u00e7\u00f5es, principalmente nos trechos pr\u00f3ximos ao percurso da prova.\u00a0<\/p>\n\n\n\n<p>Agentes de tr\u00e2nsito e equipes de apoio foram mobilizados para orientar condutores e garantir a seguran\u00e7a dos participantes.&nbsp;<\/p>\n\n\n\n<p>A 41\u00aa edi\u00e7\u00e3o da Corrida de Reis contou com mais de 15 mil corredores. Esta foi a primeira vez que a prova foi realizada no maior espa\u00e7o multi-eventos da Am\u00e9rica Latina e, fora do trajeto urbano tradicional, mantendo, entretanto, os 10 quil\u00f4metros de percurso.<\/p>\n\n\n\n<p>Em 2027, a corrida retorna \u00e0s ruas de Cuiab\u00e1 e V\u00e1rzea Grande, seguindo o trajeto tradicional da competi\u00e7\u00e3o.<\/p>\n\n\n\n<p>Midianews<\/p>\n","protected":false},"excerpt":{"rendered":"<p>A Corrida de Reis, realizada na manh\u00e3 deste domingo (11) no Parque Novo Mato Grosso, causou lentid\u00e3o no tr\u00e2nsito e congestionamento na Avenida Emanuel Pinheiro, em Cuiab\u00e1. Imagens registradas por motoristas mostram uma longa fila de carros na sa\u00edda da capital em dire\u00e7\u00e3o \u00e0 MT-251, trajeto que leva ao Parque Novo Mato Grosso. Em outra [&hellip;]<\/p>\n","protected":false},"author":2,"featured_media":19283,"comment_status":"closed","ping_status":"closed","sticky":false,"template":"","format":"standard","meta":{"_monsterinsights_skip_tracking":false,"_monsterinsights_sitenote_active":false,"_monsterinsights_sitenote_note":"","_monsterinsights_sitenote_category":0,"footnotes":""},"categories":[1],"tags":[],"_links":{"self":[{"href":"https:\/\/nazarenonews.com.br\/index.php\/wp-json\/wp\/v2\/posts\/19266"}],"collection":[{"href":"https:\/\/nazarenonews.com.br\/index.php\/wp-json\/wp\/v2\/posts"}],"about":[{"href":"https:\/\/nazarenonews.com.br\/index.php\/wp-json\/wp\/v2\/types\/post"}],"author":[{"embeddable":true,"href":"https:\/\/nazarenonews.com.br\/index.php\/wp-json\/wp\/v2\/users\/2"}],"replies":[{"embeddable":true,"href":"https:\/\/nazarenonews.com.br\/index.php\/wp-json\/wp\/v2\/comments?post=19266"}],"version-history":[{"count":1,"href":"https:\/\/nazarenonews.com.br\/index.php\/wp-json\/wp\/v2\/posts\/19266\/revisions"}],"predecessor-version":[{"id":19268,"href":"https:\/\/nazarenonews.com.br\/index.php\/wp-json\/wp\/v2\/posts\/19266\/revisions\/19268"}],"wp:featuredmedia":[{"embeddable":true,"href":"https:\/\/nazarenonews.com.br\/index.php\/wp-json\/wp\/v2\/media\/19283"}],"wp:attachment":[{"href":"https:\/\/nazarenonews.com.br\/index.php\/wp-json\/wp\/v2\/media?parent=19266"}],"wp:term":[{"taxonomy":"category","embeddable":true,"href":"https:\/\/nazarenonews.com.br\/index.php\/wp-json\/wp\/v2\/categories?post=19266"},{"taxonomy":"post_tag","embeddable":true,"href":"https:\/\/nazarenonews.com.br\/index.php\/wp-json\/wp\/v2\/tags?post=19266"}],"curies":[{"name":"wp","href":"https:\/\/api.w.org\/{rel}","templated":true}]}}