{"id":19177,"date":"2026-01-08T06:58:34","date_gmt":"2026-01-08T10:58:34","guid":{"rendered":"https:\/\/nazarenonews.com.br\/?p=19177"},"modified":"2026-01-08T08:51:14","modified_gmt":"2026-01-08T12:51:14","slug":"assassino-de-militar-em-frente-a-upa-em-cuiaba-e-capturado-no-rj","status":"publish","type":"post","link":"https:\/\/nazarenonews.com.br\/index.php\/2026\/01\/08\/assassino-de-militar-em-frente-a-upa-em-cuiaba-e-capturado-no-rj\/","title":{"rendered":"Assassino de militar em frente \u00e0 UPA em Cuiab\u00e1 \u00e9 capturado no RJ"},"content":{"rendered":"\n<p>Ap\u00f3s um ano e sete meses de buscas, as for\u00e7as de seguran\u00e7a capturaram&nbsp;<strong>Raffael Amorim de Brito<\/strong>, o principal acusado de executar o sargento da Pol\u00edcia Militar Odenil Alves Pedroso.<\/p>\n\n\n\n<p>A pris\u00e3o ocorreu nesta quarta-feira (7), no munic\u00edpio de Itabora\u00ed, Rio de Janeiro, em uma opera\u00e7\u00e3o conjunta que envolveu as intelig\u00eancias de Mato Grosso e do Rio, al\u00e9m do Gaeco e da Pol\u00edcia Federal.<\/p>\n\n\n\n<p>As investiga\u00e7\u00f5es revelaram que Raffael estava escondido no Complexo do Alem\u00e3o, um dos maiores aglomerados de favelas do Rio. Ele foi interceptado pelos agentes no momento em que sa\u00eda da comunidade para praticar um roubo a uma resid\u00eancia em Itabora\u00ed.<\/p>\n\n\n\n<p>O governador Mauro Mendes comemorou a captura do criminoso.<\/p>\n\n\n\n<p>&#8220;<em><strong>A atua\u00e7\u00e3o da pol\u00edcia mostra que em Mato Grosso quem cometer crimes ser\u00e1 encontrado e preso<\/strong><\/em>&#8220;, afirmou.<\/p>\n\n\n\n<p><strong>O crime<\/strong><\/p>\n\n\n\n<p>O sargento Odenil Alves foi executado com um tiro na cabe\u00e7a no dia 28 de maio de 2024, enquanto trabalhava na Unidade de Pronto Atendimento (UPA) do bairro Morada do Ouro, na Capital. O militar estava na unidade para complementar a renda quando foi surpreendido pelo atirador. Ele chegou a ser operado no Hospital Municipal de Cuiab\u00e1 (HMC), mas n\u00e3o resistiu.<\/p>\n\n\n\n<p>Odenil era lotado no 3\u00ba Batalh\u00e3o da PM em Cuiab\u00e1 e estava na corpora\u00e7\u00e3o desde 1998. Natural de Ros\u00e1rio Oeste, o militar deixou um hist\u00f3rico de servi\u00e7os prestados \u00e0 seguran\u00e7a p\u00fablica do estado. A principal linha de investiga\u00e7\u00e3o da Delegacia de Homic\u00eddios e Prote\u00e7\u00e3o \u00e0 Pessoa (DHPP) \u00e9 de que o crime tenha sido um latroc\u00ednio.<\/p>\n\n\n\n<p><strong>Ficha extensa<\/strong><\/p>\n\n\n\n<p>Al\u00e9m da execu\u00e7\u00e3o do sargento Odenil, o criminoso possui um&nbsp;<strong>hist\u00f3rico extenso<\/strong>&nbsp;de passagens pela pol\u00edcia por estupro, roubo e tr\u00e1fico de drogas.<\/p>\n\n\n\n<p>&#8220;<em><strong>As for\u00e7as de seguran\u00e7a de Mato Grosso nunca iriam parar at\u00e9 encontrar e prender o suspeito do assassinato do sargento Odenil<\/strong><\/em>&#8220;, declarou o secret\u00e1rio de Seguran\u00e7a P\u00fablica, coronel C\u00e9sar Roveri.<\/p>\n\n\n\n<p>Raffael aguarda agora autoriza\u00e7\u00e3o judicial para ser transferido para Mato Grosso, onde dever\u00e1 responder pelo crime e cumprir os mandados de pris\u00e3o em aberto.<\/p>\n\n\n\n<p>Rep\u00f3rter MT<\/p>\n","protected":false},"excerpt":{"rendered":"<p>Ap\u00f3s um ano e sete meses de buscas, as for\u00e7as de seguran\u00e7a capturaram&nbsp;Raffael Amorim de Brito, o principal acusado de executar o sargento da Pol\u00edcia Militar Odenil Alves Pedroso. A pris\u00e3o ocorreu nesta quarta-feira (7), no munic\u00edpio de Itabora\u00ed, Rio de Janeiro, em uma opera\u00e7\u00e3o conjunta que envolveu as intelig\u00eancias de Mato Grosso e do [&hellip;]<\/p>\n","protected":false},"author":2,"featured_media":19194,"comment_status":"closed","ping_status":"closed","sticky":false,"template":"","format":"standard","meta":{"_monsterinsights_skip_tracking":false,"_monsterinsights_sitenote_active":false,"_monsterinsights_sitenote_note":"","_monsterinsights_sitenote_category":0,"footnotes":""},"categories":[1],"tags":[],"_links":{"self":[{"href":"https:\/\/nazarenonews.com.br\/index.php\/wp-json\/wp\/v2\/posts\/19177"}],"collection":[{"href":"https:\/\/nazarenonews.com.br\/index.php\/wp-json\/wp\/v2\/posts"}],"about":[{"href":"https:\/\/nazarenonews.com.br\/index.php\/wp-json\/wp\/v2\/types\/post"}],"author":[{"embeddable":true,"href":"https:\/\/nazarenonews.com.br\/index.php\/wp-json\/wp\/v2\/users\/2"}],"replies":[{"embeddable":true,"href":"https:\/\/nazarenonews.com.br\/index.php\/wp-json\/wp\/v2\/comments?post=19177"}],"version-history":[{"count":1,"href":"https:\/\/nazarenonews.com.br\/index.php\/wp-json\/wp\/v2\/posts\/19177\/revisions"}],"predecessor-version":[{"id":19179,"href":"https:\/\/nazarenonews.com.br\/index.php\/wp-json\/wp\/v2\/posts\/19177\/revisions\/19179"}],"wp:featuredmedia":[{"embeddable":true,"href":"https:\/\/nazarenonews.com.br\/index.php\/wp-json\/wp\/v2\/media\/19194"}],"wp:attachment":[{"href":"https:\/\/nazarenonews.com.br\/index.php\/wp-json\/wp\/v2\/media?parent=19177"}],"wp:term":[{"taxonomy":"category","embeddable":true,"href":"https:\/\/nazarenonews.com.br\/index.php\/wp-json\/wp\/v2\/categories?post=19177"},{"taxonomy":"post_tag","embeddable":true,"href":"https:\/\/nazarenonews.com.br\/index.php\/wp-json\/wp\/v2\/tags?post=19177"}],"curies":[{"name":"wp","href":"https:\/\/api.w.org\/{rel}","templated":true}]}}