{"id":19165,"date":"2026-01-07T13:40:08","date_gmt":"2026-01-07T17:40:08","guid":{"rendered":"https:\/\/nazarenonews.com.br\/?p=19165"},"modified":"2026-01-07T13:40:09","modified_gmt":"2026-01-07T17:40:09","slug":"servidores-do-judiciario-de-mato-grosso-decidem-entrar-em-greve-por-reajuste-salarial","status":"publish","type":"post","link":"https:\/\/nazarenonews.com.br\/index.php\/2026\/01\/07\/servidores-do-judiciario-de-mato-grosso-decidem-entrar-em-greve-por-reajuste-salarial\/","title":{"rendered":"Servidores do Judici\u00e1rio de Mato Grosso decidem entrar em greve por reajuste salarial"},"content":{"rendered":"\n<p>Ap\u00f3s Assembleia Geral Extraordin\u00e1ria realizada na manh\u00e3 de hoje (7), os servidores do Poder Judici\u00e1rio de Mato Grosso decidiram entrar em greve a partir do dia 21 de janeiro. De acordo com o presidente do Sindicato dos Servidores do Poder Judici\u00e1rio (Sinjusmat), Rosenwal Rodrigues, a paralisa\u00e7\u00e3o ser\u00e1 por tempo indeterminado.<\/p>\n\n\n\n<p>A greve ocorre em raz\u00e3o da reivindica\u00e7\u00e3o de reajuste salarial de 6,8%, que vem enfrentando uma s\u00e9rie de obst\u00e1culos desde o ano passado. O Projeto de Lei n\u00ba 1.398\/2025, de autoria do Tribunal de Justi\u00e7a de Mato Grosso (TJMT), que trata do aumento, foi aprovado na Assembleia Legislativa de Mato Grosso (ALMT) no in\u00edcio de setembro de 2025 e foi adiado por tr\u00eas pedidos de vista apresentados pelos deputados Beto Dois a Um (PSB), Dr. Eug\u00eanio (PSB) e Chico Guarnieri (PRD). As sess\u00f5es foram marcadas por manifesta\u00e7\u00f5es de servidores que pressionavam os parlamentares pela aprova\u00e7\u00e3o do reajuste.<\/p>\n\n\n\n<p>J\u00e1 no dia 19 de novembro, o aumento acabou sendo aprovado na ALMT. Contudo, em 1\u00ba de dezembro, o governador Mauro Mendes (Uni\u00e3o) vetou integralmente o projeto. Como justificativa, ele alegou que o TJMT n\u00e3o apresentou estudos de impacto financeiro consolidados nem indica\u00e7\u00e3o de fonte de custeio permanente para sustentar o reajuste.<\/p>\n\n\n\n<p>Al\u00e9m disso, o governador afirmou que o aumento provocaria um acr\u00e9scimo estimado de R$ 1,6 bilh\u00e3o por ano na folha de pagamento do Estado, abrindo precedentes para que outras categorias pleiteassem reajustes, gerando efeito cascata e impacto nas contas p\u00fablicas.<\/p>\n\n\n\n<p>De volta \u00e0 ALMT, no dia 3 de dezembro, o veto do governador foi mantido pelos deputados.<\/p>\n\n\n\n<p>Al\u00e9m do reajuste salarial, os servidores do Poder Judici\u00e1rio tamb\u00e9m reivindicam a institui\u00e7\u00e3o do Sistema de Desenvolvimento de Carreiras e Remunera\u00e7\u00e3o (SDCR) para todos os servidores ativos, de todas as classes e n\u00edveis.<\/p>\n\n\n\n<p>Rep\u00f3rter MT<\/p>\n","protected":false},"excerpt":{"rendered":"<p>Ap\u00f3s Assembleia Geral Extraordin\u00e1ria realizada na manh\u00e3 de hoje (7), os servidores do Poder Judici\u00e1rio de Mato Grosso decidiram entrar em greve a partir do dia 21 de janeiro. De acordo com o presidente do Sindicato dos Servidores do Poder Judici\u00e1rio (Sinjusmat), Rosenwal Rodrigues, a paralisa\u00e7\u00e3o ser\u00e1 por tempo indeterminado. A greve ocorre em raz\u00e3o [&hellip;]<\/p>\n","protected":false},"author":2,"featured_media":19166,"comment_status":"closed","ping_status":"closed","sticky":false,"template":"","format":"standard","meta":{"_monsterinsights_skip_tracking":false,"_monsterinsights_sitenote_active":false,"_monsterinsights_sitenote_note":"","_monsterinsights_sitenote_category":0,"footnotes":""},"categories":[1,48],"tags":[],"_links":{"self":[{"href":"https:\/\/nazarenonews.com.br\/index.php\/wp-json\/wp\/v2\/posts\/19165"}],"collection":[{"href":"https:\/\/nazarenonews.com.br\/index.php\/wp-json\/wp\/v2\/posts"}],"about":[{"href":"https:\/\/nazarenonews.com.br\/index.php\/wp-json\/wp\/v2\/types\/post"}],"author":[{"embeddable":true,"href":"https:\/\/nazarenonews.com.br\/index.php\/wp-json\/wp\/v2\/users\/2"}],"replies":[{"embeddable":true,"href":"https:\/\/nazarenonews.com.br\/index.php\/wp-json\/wp\/v2\/comments?post=19165"}],"version-history":[{"count":1,"href":"https:\/\/nazarenonews.com.br\/index.php\/wp-json\/wp\/v2\/posts\/19165\/revisions"}],"predecessor-version":[{"id":19167,"href":"https:\/\/nazarenonews.com.br\/index.php\/wp-json\/wp\/v2\/posts\/19165\/revisions\/19167"}],"wp:featuredmedia":[{"embeddable":true,"href":"https:\/\/nazarenonews.com.br\/index.php\/wp-json\/wp\/v2\/media\/19166"}],"wp:attachment":[{"href":"https:\/\/nazarenonews.com.br\/index.php\/wp-json\/wp\/v2\/media?parent=19165"}],"wp:term":[{"taxonomy":"category","embeddable":true,"href":"https:\/\/nazarenonews.com.br\/index.php\/wp-json\/wp\/v2\/categories?post=19165"},{"taxonomy":"post_tag","embeddable":true,"href":"https:\/\/nazarenonews.com.br\/index.php\/wp-json\/wp\/v2\/tags?post=19165"}],"curies":[{"name":"wp","href":"https:\/\/api.w.org\/{rel}","templated":true}]}}