{"id":19155,"date":"2026-01-07T07:08:06","date_gmt":"2026-01-07T11:08:06","guid":{"rendered":"https:\/\/nazarenonews.com.br\/?p=19155"},"modified":"2026-01-07T07:08:06","modified_gmt":"2026-01-07T11:08:06","slug":"boi-gordo-hoje-confira-as-cotacoes-para-esta-quarta-feira-7","status":"publish","type":"post","link":"https:\/\/nazarenonews.com.br\/index.php\/2026\/01\/07\/boi-gordo-hoje-confira-as-cotacoes-para-esta-quarta-feira-7\/","title":{"rendered":"Boi gordo hoje: confira as cota\u00e7\u00f5es para esta\u00a0quarta-feira (7)"},"content":{"rendered":"\n<p>O pre\u00e7o do su\u00edno vivo apresenta estabilidade em MG e RS; o frango resfriado e o congelado seguem a tend\u00eancia<\/p>\n\n\n\n<p>Data de publica\u00e7\u00e3o: 07 de Janeiro de 2026, 04:10h<\/p>\n\n\n\n<p>O pre\u00e7o do&nbsp;<strong>boi gordo<\/strong>&nbsp;abre esta&nbsp;<strong>quarta-feira (7)<\/strong>&nbsp;em&nbsp;<strong>alta<\/strong>&nbsp;de<strong>&nbsp;0,05%.&nbsp;<\/strong>A arroba \u00e9 negociada a<strong>&nbsp;R$ 318,65<\/strong>, no estado de S\u00e3o Paulo.<\/p>\n\n\n\n<p><strong>INDICADOR DO BOI GORDO CEPEA\/ESALQ<\/strong><\/p>\n\n\n\n<figure class=\"wp-block-table\"><table><thead><tr><th>DATA<\/th><th>VALOR R$*<\/th><th>VAR.\/DIA<\/th><th>VAR.\/M\u00caS<\/th><th>VALOR US$*<\/th><\/tr><\/thead><tbody><tr><td>06\/01\/2026<\/td><td>318,65<\/td><td>0,05%<\/td><td>-0,17%<\/td><td>59,25<\/td><\/tr><tr><td>05\/01\/2026<\/td><td>318,50<\/td><td>-0,22%<\/td><td>-0,22%<\/td><td>58,96<\/td><\/tr><tr><td>02\/01\/2026<\/td><td>319,20<\/td><td>0,00%<\/td><td>0,00%<\/td><td>58,16<\/td><\/tr><tr><td>30\/12\/2025<\/td><td>319,20<\/td><td>0,38%<\/td><td>-0,75%<\/td><td>58,16<\/td><\/tr><tr><td>29\/12\/2025<\/td><td>318,00<\/td><td>-0,47%<\/td><td>-1,12%<\/td><td>57,00<\/td><\/tr><\/tbody><\/table><\/figure>\n\n\n\n<h2 class=\"wp-block-heading\">Pre\u00e7o do frango congelado e resfriado<\/h2>\n\n\n\n<p>Nos atacados da Grande S\u00e3o Paulo, S\u00e3o Jos\u00e9 do Rio Preto e Descalvado, os pre\u00e7os do&nbsp;<strong>frango congelado<\/strong>&nbsp;apresentaram&nbsp;<strong>estabilidade<\/strong>, assim como os do&nbsp;<strong>frango resfriado<\/strong>. A primeira mercadoria \u00e9 vendida a<strong>&nbsp;R$ 7,71<\/strong>, enquanto a segunda \u00e9 comercializada a&nbsp;<strong>R$ 7,78<\/strong>.<\/p>\n\n\n\n<p><strong>PRE\u00c7OS DO FRANGO CONGELADO CEPEA\/ESALQ &#8211; ESTADO SP&nbsp;<\/strong><\/p>\n\n\n\n<figure class=\"wp-block-table\"><table><thead><tr><th>DATA<\/th><th>VALOR R$<\/th><th>VAR.\/DIA<\/th><th>VAR.\/M\u00caS<\/th><\/tr><\/thead><tbody><tr><td>06\/01\/2026<\/td><td>7,71<\/td><td>0,00%<\/td><td>-5,05%<\/td><\/tr><tr><td>05\/01\/2026<\/td><td>7,71<\/td><td>-4,46%<\/td><td>-5,05%<\/td><\/tr><tr><td>02\/01\/2026<\/td><td>8,07<\/td><td>-0,62%<\/td><td>-0,62%<\/td><\/tr><tr><td>30\/12\/2025<\/td><td>8,12<\/td><td>0,25%<\/td><td>0,12%<\/td><\/tr><tr><td>29\/12\/2025<\/td><td>8,10<\/td><td>0,00%<\/td><td>-0,12%<\/td><\/tr><\/tbody><\/table><\/figure>\n\n\n\n<p><strong>PRE\u00c7OS DO FRANGO RESFRIADO CEPEA\/ESALQ &#8211; ESTADO SP<\/strong><\/p>\n\n\n\n<figure class=\"wp-block-table\"><table><thead><tr><th>DATA<\/th><th>VALOR R$<\/th><th>VAR.\/DIA<\/th><th>VAR.\/M\u00caS<\/th><\/tr><\/thead><tbody><tr><td>06\/01\/2026<\/td><td>7,78<\/td><td>0,00%<\/td><td>-4,42%<\/td><\/tr><tr><td>05\/01\/2026<\/td><td>7,78<\/td><td>-3,95%<\/td><td>-4,42%<\/td><\/tr><tr><td>02\/01\/2026<\/td><td>8,10<\/td><td>-0,49%<\/td><td>-0,49%<\/td><\/tr><tr><td>30\/12\/2025<\/td><td>8,14<\/td><td>0,25%<\/td><td>0,25%<\/td><\/tr><tr><td>29\/12\/2025<\/td><td>8,12<\/td><td>0,00%<\/td><td>0,00%<\/td><\/tr><\/tbody><\/table><\/figure>\n\n\n\n<h2 class=\"wp-block-heading\">Pre\u00e7o da carca\u00e7a su\u00edna especial e do su\u00edno vivo<\/h2>\n\n\n\n<p>A&nbsp;<strong>carca\u00e7a su\u00edna especial&nbsp;<\/strong>tamb\u00e9m volta a apontar<strong>&nbsp;baixa de 0,08%<\/strong>&nbsp;no pre\u00e7o<strong>,<\/strong>&nbsp;sendo negociada a&nbsp;<strong>R$ 12,89&nbsp;<\/strong>por quilo nos atacados da Grande S\u00e3o Paulo.<\/p>\n\n\n\n<p><strong>PRE\u00c7OS DA CARCA\u00c7A SU\u00cdNA ESPECIAL (R$\/kg)<\/strong><\/p>\n\n\n\n<figure class=\"wp-block-table\"><table><thead><tr><th>DATA<\/th><th>M\u00c9DIA<\/th><th>VAR.\/DIA<\/th><th>VAR.\/M\u00caS<\/th><\/tr><\/thead><tbody><tr><td>06\/01\/2026<\/td><td>12,89<\/td><td>-0,08%<\/td><td>0,23%<\/td><\/tr><tr><td>05\/01\/2026<\/td><td>12,90<\/td><td>0,39%<\/td><td>0,31%<\/td><\/tr><tr><td>02\/01\/2026<\/td><td>12,85<\/td><td>-0,08%<\/td><td>-0,08%<\/td><\/tr><tr><td>30\/12\/2025<\/td><td>12,86<\/td><td>0,00%<\/td><td>0,78%<\/td><\/tr><tr><td>29\/12\/2025<\/td><td>12,86<\/td><td>0,00%<\/td><td>0,78%<\/td><\/tr><\/tbody><\/table><\/figure>\n\n\n\n<p>O pre\u00e7o do&nbsp;<strong>su\u00edno vivo<\/strong>&nbsp;registra&nbsp;<strong>estabilidade&nbsp;<\/strong>em&nbsp;<strong>Minas Gerais<\/strong>&nbsp;e&nbsp;<strong>Rio Grande do Sul<\/strong>,&nbsp;<strong>desvaloriza\u00e7\u00e3o de 0,22%&nbsp;<\/strong>em&nbsp;<strong>S\u00e3o Paulo<\/strong>&nbsp;e&nbsp;<strong>valoriza\u00e7\u00e3o de 0,12%&nbsp;<\/strong>em&nbsp;<strong>Santa Catarina<\/strong>&nbsp;e de&nbsp;<strong>0,36%<\/strong>&nbsp;no Paran\u00e1. As mercadorias variam entre&nbsp;<strong>R$ 8,24<\/strong>&nbsp;e&nbsp;<strong>R$ 8,89<\/strong>.<\/p>\n\n\n\n<p><strong>INDICADOR DO SU\u00cdNO VIVO CEPEA\/ESALQ (R$\/kg)&nbsp;<\/strong><\/p>\n\n\n\n<figure class=\"wp-block-table\"><table><thead><tr><th>DATA<\/th><th>ESTADO<\/th><th>VALOR R$*<\/th><th>VAR.\/DIA<\/th><th>VAR.\/M\u00caS<\/th><\/tr><\/thead><tbody><tr><td>06\/01\/2026<\/td><td>MG &#8211; posto<\/td><td>8,44<\/td><td>0,00%<\/td><td>0,12%<\/td><\/tr><tr><td>06\/01\/2026<\/td><td>PR &#8211; a retirar<\/td><td>8,29<\/td><td>0,36%<\/td><td>0,24%<\/td><\/tr><tr><td>06\/01\/2026<\/td><td>RS &#8211; a retirar<\/td><td>8,24<\/td><td>0,00%<\/td><td>-0,72%<\/td><\/tr><tr><td>06\/01\/2026<\/td><td>SC &#8211; a retirar<\/td><td>8,33<\/td><td>0,12%<\/td><td>-0,24%<\/td><\/tr><tr><td>06\/01\/2026<\/td><td>SP &#8211; posto<\/td><td>8,89<\/td><td>-0,22%<\/td><td>-0,22%<\/td><\/tr><\/tbody><\/table><\/figure>\n\n\n\n<p>Os valores s\u00e3o do&nbsp;<a href=\"http:\/\/www.cepea.org.br\/\" target=\"_blank\" rel=\"noreferrer noopener\"><strong>Cepea<\/strong><\/a>.<\/p>\n\n\n\n<h2 class=\"wp-block-heading\">O que \u00e9 o boi gordo? Entenda o termo do mercado bovino<\/h2>\n\n\n\n<p>O&nbsp;<strong>boi gordo \u00e9 o bovino macho pronto para o abate, com peso m\u00ednimo de 16 arrobas l\u00edquidas de carca\u00e7a (aproximadamente 240 kg) e at\u00e9 42 meses de idade<\/strong>. Atende aos padr\u00f5es do mercado nacional e internacional, incluindo exporta\u00e7\u00f5es para Europa, China e cota Hilton.<\/p>\n\n\n\n<h2 class=\"wp-block-heading\">Diferen\u00e7as entre frango congelado e frango resfriado<\/h2>\n\n\n\n<p>O<strong>&nbsp;frango congelado passa por congelamento r\u00e1pido, com temperaturas abaixo de -12\u00b0C<\/strong>, garantindo maior vida \u00fatil para armazenamento e transporte a longas dist\u00e2ncias. J\u00e1 o<strong>&nbsp;frango resfriado \u00e9 mantido entre 0\u00b0C e 4\u00b0C, com validade de 5 a 7 dias<\/strong>, oferecendo textura e sabor mais pr\u00f3ximos do fresco, ideal para consumidores exigentes e restaurantes.<\/p>\n\n\n\n<p><\/p>\n","protected":false},"excerpt":{"rendered":"<p>O pre\u00e7o do su\u00edno vivo apresenta estabilidade em MG e RS; o frango resfriado e o congelado seguem a tend\u00eancia Data de publica\u00e7\u00e3o: 07 de Janeiro de 2026, 04:10h O pre\u00e7o do&nbsp;boi gordo&nbsp;abre esta&nbsp;quarta-feira (7)&nbsp;em&nbsp;alta&nbsp;de&nbsp;0,05%.&nbsp;A arroba \u00e9 negociada a&nbsp;R$ 318,65, no estado de S\u00e3o Paulo. INDICADOR DO BOI GORDO CEPEA\/ESALQ DATA VALOR R$* VAR.\/DIA VAR.\/M\u00caS [&hellip;]<\/p>\n","protected":false},"author":2,"featured_media":18853,"comment_status":"closed","ping_status":"closed","sticky":false,"template":"","format":"standard","meta":{"_monsterinsights_skip_tracking":false,"_monsterinsights_sitenote_active":false,"_monsterinsights_sitenote_note":"","_monsterinsights_sitenote_category":0,"footnotes":""},"categories":[54],"tags":[],"_links":{"self":[{"href":"https:\/\/nazarenonews.com.br\/index.php\/wp-json\/wp\/v2\/posts\/19155"}],"collection":[{"href":"https:\/\/nazarenonews.com.br\/index.php\/wp-json\/wp\/v2\/posts"}],"about":[{"href":"https:\/\/nazarenonews.com.br\/index.php\/wp-json\/wp\/v2\/types\/post"}],"author":[{"embeddable":true,"href":"https:\/\/nazarenonews.com.br\/index.php\/wp-json\/wp\/v2\/users\/2"}],"replies":[{"embeddable":true,"href":"https:\/\/nazarenonews.com.br\/index.php\/wp-json\/wp\/v2\/comments?post=19155"}],"version-history":[{"count":1,"href":"https:\/\/nazarenonews.com.br\/index.php\/wp-json\/wp\/v2\/posts\/19155\/revisions"}],"predecessor-version":[{"id":19156,"href":"https:\/\/nazarenonews.com.br\/index.php\/wp-json\/wp\/v2\/posts\/19155\/revisions\/19156"}],"wp:featuredmedia":[{"embeddable":true,"href":"https:\/\/nazarenonews.com.br\/index.php\/wp-json\/wp\/v2\/media\/18853"}],"wp:attachment":[{"href":"https:\/\/nazarenonews.com.br\/index.php\/wp-json\/wp\/v2\/media?parent=19155"}],"wp:term":[{"taxonomy":"category","embeddable":true,"href":"https:\/\/nazarenonews.com.br\/index.php\/wp-json\/wp\/v2\/categories?post=19155"},{"taxonomy":"post_tag","embeddable":true,"href":"https:\/\/nazarenonews.com.br\/index.php\/wp-json\/wp\/v2\/tags?post=19155"}],"curies":[{"name":"wp","href":"https:\/\/api.w.org\/{rel}","templated":true}]}}