{"id":19149,"date":"2026-01-07T07:05:50","date_gmt":"2026-01-07T11:05:50","guid":{"rendered":"https:\/\/nazarenonews.com.br\/?p=19149"},"modified":"2026-01-07T07:05:50","modified_gmt":"2026-01-07T11:05:50","slug":"policiais-penais-sao-investigados-por-agressao-a-idoso-em-briga-de-transito-em-cuiaba","status":"publish","type":"post","link":"https:\/\/nazarenonews.com.br\/index.php\/2026\/01\/07\/policiais-penais-sao-investigados-por-agressao-a-idoso-em-briga-de-transito-em-cuiaba\/","title":{"rendered":"Policiais penais s\u00e3o investigados por agress\u00e3o a idoso em briga de tr\u00e2nsito em Cuiab\u00e1"},"content":{"rendered":"\n<p>Um casal de policiais penais s\u00e3o investigados pela Pol\u00edcia Civil suspeitos de agredirem um idoso durante uma briga de tr\u00e2nsito em&nbsp;<a class=\"\" href=\"https:\/\/g1.globo.com\/mt\/mato-grosso\/cidade\/cuiaba\/\">Cuiab\u00e1<\/a>. As agress\u00f5es ocorreram no dia 20 de dezembro do ano passado.<\/p>\n\n\n\n<p>A TV Centro Am\u00e9rica procurou a Secretaria Estadual de Justi\u00e7a (Sejus) e o&nbsp;<a class=\"\" href=\"https:\/\/g1.globo.com\/mt\/mato-grosso\/\"><strong>g1<\/strong><\/a>&nbsp;procurou o Sindicato dos Policiais Penais do Estado de Mato Grosso (Sindspen), mas n\u00e3o houve retorno at\u00e9 a \u00faltima atualiza\u00e7\u00e3o desta reportagem.<\/p>\n\n\n\n<p>Por volta de 23h30, o idoso de 60 anos se envolveu em um acidente com o casal e, ap\u00f3s a batida, passou a ser perseguido por outro ve\u00edculo.<\/p>\n\n\n\n<p>Segundo o boletim de ocorr\u00eancia, durante o trajeto, uma mulher teria apontado uma arma para o carro da v\u00edtima. Ao parar o ve\u00edculo, come\u00e7eram as agress\u00f5es.<\/p>\n\n\n\n<p>Os suspeitos apontados como agressores foram identificados como: Rafaela Cristina Ara\u00fajo Pereira, de 38 anos, e Marcel Ant\u00f4nio Cintra Souza, de 49 anos, lotado na Penitenci\u00e1ria Central do Estado.<\/p>\n\n\n\n<p>O idoso foi atingido com um soco e um tapa no rosto, al\u00e9m de ter sido amea\u00e7ado junto com a esposa, que tamb\u00e9m estava no carro.<\/p>\n\n\n\n<p>A v\u00edtima precisou ser levada ao hospital e deve passar por cirurgia devido \u00e0s agress\u00f5es.<\/p>\n\n\n\n<p>A Pol\u00edcia Civil investiga o caso.<\/p>\n\n\n\n<p>g1-MT<\/p>\n","protected":false},"excerpt":{"rendered":"<p>Um casal de policiais penais s\u00e3o investigados pela Pol\u00edcia Civil suspeitos de agredirem um idoso durante uma briga de tr\u00e2nsito em&nbsp;Cuiab\u00e1. As agress\u00f5es ocorreram no dia 20 de dezembro do ano passado. A TV Centro Am\u00e9rica procurou a Secretaria Estadual de Justi\u00e7a (Sejus) e o&nbsp;g1&nbsp;procurou o Sindicato dos Policiais Penais do Estado de Mato Grosso [&hellip;]<\/p>\n","protected":false},"author":2,"featured_media":19151,"comment_status":"closed","ping_status":"closed","sticky":false,"template":"","format":"standard","meta":{"_monsterinsights_skip_tracking":false,"_monsterinsights_sitenote_active":false,"_monsterinsights_sitenote_note":"","_monsterinsights_sitenote_category":0,"footnotes":""},"categories":[1],"tags":[],"_links":{"self":[{"href":"https:\/\/nazarenonews.com.br\/index.php\/wp-json\/wp\/v2\/posts\/19149"}],"collection":[{"href":"https:\/\/nazarenonews.com.br\/index.php\/wp-json\/wp\/v2\/posts"}],"about":[{"href":"https:\/\/nazarenonews.com.br\/index.php\/wp-json\/wp\/v2\/types\/post"}],"author":[{"embeddable":true,"href":"https:\/\/nazarenonews.com.br\/index.php\/wp-json\/wp\/v2\/users\/2"}],"replies":[{"embeddable":true,"href":"https:\/\/nazarenonews.com.br\/index.php\/wp-json\/wp\/v2\/comments?post=19149"}],"version-history":[{"count":1,"href":"https:\/\/nazarenonews.com.br\/index.php\/wp-json\/wp\/v2\/posts\/19149\/revisions"}],"predecessor-version":[{"id":19152,"href":"https:\/\/nazarenonews.com.br\/index.php\/wp-json\/wp\/v2\/posts\/19149\/revisions\/19152"}],"wp:featuredmedia":[{"embeddable":true,"href":"https:\/\/nazarenonews.com.br\/index.php\/wp-json\/wp\/v2\/media\/19151"}],"wp:attachment":[{"href":"https:\/\/nazarenonews.com.br\/index.php\/wp-json\/wp\/v2\/media?parent=19149"}],"wp:term":[{"taxonomy":"category","embeddable":true,"href":"https:\/\/nazarenonews.com.br\/index.php\/wp-json\/wp\/v2\/categories?post=19149"},{"taxonomy":"post_tag","embeddable":true,"href":"https:\/\/nazarenonews.com.br\/index.php\/wp-json\/wp\/v2\/tags?post=19149"}],"curies":[{"name":"wp","href":"https:\/\/api.w.org\/{rel}","templated":true}]}}