{"id":19143,"date":"2026-01-07T07:01:13","date_gmt":"2026-01-07T11:01:13","guid":{"rendered":"https:\/\/nazarenonews.com.br\/?p=19143"},"modified":"2026-01-07T07:01:14","modified_gmt":"2026-01-07T11:01:14","slug":"evandro-stabile-e-condenado-a-2-meses-de-prisao-por-espancar-ex-esposa","status":"publish","type":"post","link":"https:\/\/nazarenonews.com.br\/index.php\/2026\/01\/07\/evandro-stabile-e-condenado-a-2-meses-de-prisao-por-espancar-ex-esposa\/","title":{"rendered":"Evandro St\u00e1bile \u00e9 condenado a 2 meses de pris\u00e3o por espancar ex-esposa"},"content":{"rendered":"\n<p>A Justi\u00e7a de Mato Grosso condenou o desembargador aposentado compulsoriamente, Evandro St\u00e1bile, a 2 meses e 4 dias de pris\u00e3o por agredir a ex-esposa. A pena dever\u00e1 ser cumprida em regime semiaberto. A senten\u00e7a foi proferida nessa segunda-feira (5) pela 2\u00aa Vara Especializada de Viol\u00eancia Dom\u00e9stica e Familiar contra a Mulher e assinada pela ju\u00edza Tatyana Lopes de Ara\u00fajo Borges. \u00c0 defesa cabe recurso.<\/p>\n\n\n\n<p>De acordo com a decis\u00e3o, os crimes ocorreram nos dias 6 e 7 de setembro de 2022, tendo como v\u00edtima Silvana de Farias. Conforme a den\u00fancia do Minist\u00e9rio P\u00fablico Estadual (MPMT), Evandro espancou a ex-companheira com socos, dentro da resid\u00eancia do casal e, no dia seguinte, passou a amea\u00e7\u00e1-la com mensagens e declara\u00e7\u00f5es intimidat\u00f3rias, prometendo fazer mal a ela e ao filho.<\/p>\n\n\n\n<p><em><strong>\u201cA v\u00edtima relatou que ap\u00f3s o rompimento, Evandro enviou v\u00e1rias mensagens de amea\u00e7a, prometendo difam\u00e1-la na m\u00eddia e amea\u00e7ando o filho, mencionando ter conhecido &#8216;bandidos&#8217; na cadeia\u201d<\/strong><\/em>, diz trecho da decis\u00e3o.<\/p>\n\n\n\n<p>Durante a instru\u00e7\u00e3o, a magistrada ressaltou que o caso deveria ser analisado sob perspectiva de g\u00eanero, conforme determina a Lei Maria da Penha, destacando que crimes de viol\u00eancia dom\u00e9stica geralmente ocorrem sem testemunhas diretas. Na senten\u00e7a, a ju\u00edza atribuiu especial relev\u00e2ncia \u00e0 palavra da v\u00edtima, considerada firme, coerente e compat\u00edvel com os demais elementos de prova reunidos no processo.<\/p>\n\n\n\n<p>A defesa negou as acusa\u00e7\u00f5es, alegando aus\u00eancia de provas materiais e de exame de corpo de delito. No entanto, o Judici\u00e1rio entendeu que, no caso da contraven\u00e7\u00e3o penal de vias de fato, n\u00e3o \u00e9 exigida prova pericial, sendo suficiente a comprova\u00e7\u00e3o da agress\u00e3o f\u00edsica sem resultado lesivo. Em rela\u00e7\u00e3o ao crime de amea\u00e7a, a senten\u00e7a destacou que n\u00e3o \u00e9 necess\u00e1ria a concretiza\u00e7\u00e3o do mal prometido, bastando que a conduta seja capaz de gerar medo e abalo psicol\u00f3gico, o que ficou demonstrado nos autos.<\/p>\n\n\n\n<p>\u201cDo mesmo modo, a tentativa de desqualificar as mensagens amea\u00e7adoras sob o argumento de aus\u00eancia de per\u00edcia t\u00e9cnica n\u00e3o se sustenta, uma vez que as amea\u00e7as n\u00e3o se amparam exclusivamente em prova digital, mas sobretudo no depoimento firme e coerente da v\u00edtima, corroborado pelo contexto f\u00e1tico e pela imediata busca de prote\u00e7\u00e3o estatal\u201d, destacou a ju\u00edza.<\/p>\n\n\n\n<p>Na dosimetria da pena, St\u00e1bile foi condenado a 2 meses e 4 dias de pris\u00e3o, a serem cumpridos em regime semiaberto, levando em conta a reincid\u00eancia e o fato de os crimes terem sido praticados no contexto da viol\u00eancia dom\u00e9stica.<\/p>\n\n\n\n<p>A Justi\u00e7a tamb\u00e9m fixou indeniza\u00e7\u00e3o m\u00ednima de R$ 2 mil \u00e0 v\u00edtima, a t\u00edtulo de repara\u00e7\u00e3o por danos morais, diante do sofrimento psicol\u00f3gico comprovado.<\/p>\n\n\n\n<p>A senten\u00e7a ainda afastou a possibilidade de substitui\u00e7\u00e3o da pena por medidas alternativas, com base em entendimento consolidado do Supremo Tribunal Federal e do Superior Tribunal de Justi\u00e7a, que veda esse benef\u00edcio em casos enquadrados na Lei Maria da Penha.<\/p>\n\n\n\n<p>Rep\u00f3rter MT<\/p>\n","protected":false},"excerpt":{"rendered":"<p>A Justi\u00e7a de Mato Grosso condenou o desembargador aposentado compulsoriamente, Evandro St\u00e1bile, a 2 meses e 4 dias de pris\u00e3o por agredir a ex-esposa. A pena dever\u00e1 ser cumprida em regime semiaberto. A senten\u00e7a foi proferida nessa segunda-feira (5) pela 2\u00aa Vara Especializada de Viol\u00eancia Dom\u00e9stica e Familiar contra a Mulher e assinada pela ju\u00edza [&hellip;]<\/p>\n","protected":false},"author":2,"featured_media":19144,"comment_status":"closed","ping_status":"closed","sticky":false,"template":"","format":"standard","meta":{"_monsterinsights_skip_tracking":false,"_monsterinsights_sitenote_active":false,"_monsterinsights_sitenote_note":"","_monsterinsights_sitenote_category":0,"footnotes":""},"categories":[1],"tags":[],"_links":{"self":[{"href":"https:\/\/nazarenonews.com.br\/index.php\/wp-json\/wp\/v2\/posts\/19143"}],"collection":[{"href":"https:\/\/nazarenonews.com.br\/index.php\/wp-json\/wp\/v2\/posts"}],"about":[{"href":"https:\/\/nazarenonews.com.br\/index.php\/wp-json\/wp\/v2\/types\/post"}],"author":[{"embeddable":true,"href":"https:\/\/nazarenonews.com.br\/index.php\/wp-json\/wp\/v2\/users\/2"}],"replies":[{"embeddable":true,"href":"https:\/\/nazarenonews.com.br\/index.php\/wp-json\/wp\/v2\/comments?post=19143"}],"version-history":[{"count":1,"href":"https:\/\/nazarenonews.com.br\/index.php\/wp-json\/wp\/v2\/posts\/19143\/revisions"}],"predecessor-version":[{"id":19145,"href":"https:\/\/nazarenonews.com.br\/index.php\/wp-json\/wp\/v2\/posts\/19143\/revisions\/19145"}],"wp:featuredmedia":[{"embeddable":true,"href":"https:\/\/nazarenonews.com.br\/index.php\/wp-json\/wp\/v2\/media\/19144"}],"wp:attachment":[{"href":"https:\/\/nazarenonews.com.br\/index.php\/wp-json\/wp\/v2\/media?parent=19143"}],"wp:term":[{"taxonomy":"category","embeddable":true,"href":"https:\/\/nazarenonews.com.br\/index.php\/wp-json\/wp\/v2\/categories?post=19143"},{"taxonomy":"post_tag","embeddable":true,"href":"https:\/\/nazarenonews.com.br\/index.php\/wp-json\/wp\/v2\/tags?post=19143"}],"curies":[{"name":"wp","href":"https:\/\/api.w.org\/{rel}","templated":true}]}}