{"id":19136,"date":"2026-01-06T14:20:42","date_gmt":"2026-01-06T18:20:42","guid":{"rendered":"https:\/\/nazarenonews.com.br\/?p=19136"},"modified":"2026-01-06T14:20:42","modified_gmt":"2026-01-06T18:20:42","slug":"bolsonaro-sofre-traumatismo-craniano-leve-apos-queda-na-cela","status":"publish","type":"post","link":"https:\/\/nazarenonews.com.br\/index.php\/2026\/01\/06\/bolsonaro-sofre-traumatismo-craniano-leve-apos-queda-na-cela\/","title":{"rendered":"Bolsonaro sofre traumatismo craniano leve ap\u00f3s queda na cela"},"content":{"rendered":"\n<p>O ex-presidente Jair Bolsonaro (PL) sofreu um traumatismo craniano leve na madrugada desta ter\u00e7a-feira (6) ap\u00f3s uma queda dentro da cela em que cumpre pena na Superintend\u00eancia da Pol\u00edcia Federal, em Bras\u00edlia, informou o cirurgi\u00e3o Cl\u00e1udio Birolini.<\/p>\n\n\n\n<p>Segundo relatos, Bolsonaro teria sofrido uma crise enquanto dormia e bateu a cabe\u00e7a em um m\u00f3vel, de acordo com post de sua esposa, Michelle Bolsonaro, nas redes sociais. A informa\u00e7\u00e3o foi compartilhada nas redes por Michelle, que afirmou que o atendimento m\u00e9dico s\u00f3 foi iniciado quando ela chegou para visit\u00e1-lo pela manh\u00e3.<\/p>\n\n\n\n<p>O traumatismo cranioencef\u00e1lico (TCE) leve indica que, apesar do impacto, n\u00e3o h\u00e1 ind\u00edcios de les\u00f5es graves imediatas, mas o caso exige monitoramento cl\u00ednico e poss\u00edveis exames complementares, conforme avalia\u00e7\u00e3o da equipe m\u00e9dica respons\u00e1vel.<\/p>\n\n\n\n<p>O epis\u00f3dio ocorre poucos dias depois de Bolsonaro ter recebido alta m\u00e9dica ap\u00f3s tratamento para h\u00e9rnia e outras complica\u00e7\u00f5es de sa\u00fade no fim de dezembro. Ele retornou \u00e0 cust\u00f3dia da PF ap\u00f3s a alta.<\/p>\n\n\n\n<p>O m\u00e9dico n\u00e3o detalhou se ser\u00e3o solicitados exames adicionais para avaliar de forma mais completa o impacto da queda at\u00e9 o momento.<\/p>\n","protected":false},"excerpt":{"rendered":"<p>O ex-presidente Jair Bolsonaro (PL) sofreu um traumatismo craniano leve na madrugada desta ter\u00e7a-feira (6) ap\u00f3s uma queda dentro da cela em que cumpre pena na Superintend\u00eancia da Pol\u00edcia Federal, em Bras\u00edlia, informou o cirurgi\u00e3o Cl\u00e1udio Birolini. Segundo relatos, Bolsonaro teria sofrido uma crise enquanto dormia e bateu a cabe\u00e7a em um m\u00f3vel, de acordo [&hellip;]<\/p>\n","protected":false},"author":2,"featured_media":19137,"comment_status":"closed","ping_status":"closed","sticky":false,"template":"","format":"standard","meta":{"_monsterinsights_skip_tracking":false,"_monsterinsights_sitenote_active":false,"_monsterinsights_sitenote_note":"","_monsterinsights_sitenote_category":0,"footnotes":""},"categories":[1],"tags":[],"_links":{"self":[{"href":"https:\/\/nazarenonews.com.br\/index.php\/wp-json\/wp\/v2\/posts\/19136"}],"collection":[{"href":"https:\/\/nazarenonews.com.br\/index.php\/wp-json\/wp\/v2\/posts"}],"about":[{"href":"https:\/\/nazarenonews.com.br\/index.php\/wp-json\/wp\/v2\/types\/post"}],"author":[{"embeddable":true,"href":"https:\/\/nazarenonews.com.br\/index.php\/wp-json\/wp\/v2\/users\/2"}],"replies":[{"embeddable":true,"href":"https:\/\/nazarenonews.com.br\/index.php\/wp-json\/wp\/v2\/comments?post=19136"}],"version-history":[{"count":1,"href":"https:\/\/nazarenonews.com.br\/index.php\/wp-json\/wp\/v2\/posts\/19136\/revisions"}],"predecessor-version":[{"id":19138,"href":"https:\/\/nazarenonews.com.br\/index.php\/wp-json\/wp\/v2\/posts\/19136\/revisions\/19138"}],"wp:featuredmedia":[{"embeddable":true,"href":"https:\/\/nazarenonews.com.br\/index.php\/wp-json\/wp\/v2\/media\/19137"}],"wp:attachment":[{"href":"https:\/\/nazarenonews.com.br\/index.php\/wp-json\/wp\/v2\/media?parent=19136"}],"wp:term":[{"taxonomy":"category","embeddable":true,"href":"https:\/\/nazarenonews.com.br\/index.php\/wp-json\/wp\/v2\/categories?post=19136"},{"taxonomy":"post_tag","embeddable":true,"href":"https:\/\/nazarenonews.com.br\/index.php\/wp-json\/wp\/v2\/tags?post=19136"}],"curies":[{"name":"wp","href":"https:\/\/api.w.org\/{rel}","templated":true}]}}