{"id":1888,"date":"2024-08-01T07:45:41","date_gmt":"2024-08-01T11:45:41","guid":{"rendered":"https:\/\/nazarenonews.com.br\/?p=1888"},"modified":"2024-08-01T07:45:42","modified_gmt":"2024-08-01T11:45:42","slug":"principio-de-incendio-e-registrado-em-teto-de-igreja-adventista-no-bairro-araes","status":"publish","type":"post","link":"https:\/\/nazarenonews.com.br\/index.php\/2024\/08\/01\/principio-de-incendio-e-registrado-em-teto-de-igreja-adventista-no-bairro-araes\/","title":{"rendered":"Princ\u00edpio de inc\u00eandio \u00e9 registrado em teto de igreja Adventista no Bairro Ara\u00e9s"},"content":{"rendered":"\n<p>DO REP\u00d3RTER MT<\/p>\n\n\n\n<p>Um princ\u00edpio de inc\u00eandio foi registrado na tarde desta quarta-feira (31) na igreja Adventista do S\u00e9timo Dia, localizada no bairro Ara\u00e9s, em Cuiab\u00e1. V\u00eddeos registrados por populares mostram equipe do Corpo de Bombeiros prestando atendimento no local.<\/p>\n\n\n\n<p>Uma leitora do\u00a0<em><strong>Rep\u00f3rterMT<\/strong><\/em>\u00a0que mora pr\u00f3ximo \u00e0 igreja informou que estava sendo realizado um trabalho de soldagem no local, o que acabou gerando o inc\u00eandio, mas acabou sendo contido pelos militares.<\/p>\n\n\n\n<p>Ela ainda relatou que mesmo tendo sido rapidamente controlado, o fogo gerou muita fuma\u00e7a na regi\u00e3o.<\/p>\n\n\n\n<p>O Corpo de Bombeiros informou que foi acionado por volta das 16h10 para atender a ocorr\u00eancia.<\/p>\n\n\n\n<p>Dois caminh\u00f5es de combate a inc\u00eandio, uma Auto Tanque e uma viatura de apoio, foram empenhadas no combate. &#8220;Segundo informa\u00e7\u00f5es, o inc\u00eandio se deu no teto do local, a situa\u00e7\u00e3o j\u00e1 se encontra controlada e n\u00e3o h\u00e1 relato de vitimas&#8221;, diz a nota.<\/p>\n","protected":false},"excerpt":{"rendered":"<p>DO REP\u00d3RTER MT Um princ\u00edpio de inc\u00eandio foi registrado na tarde desta quarta-feira (31) na igreja Adventista do S\u00e9timo Dia, localizada no bairro Ara\u00e9s, em Cuiab\u00e1. V\u00eddeos registrados por populares mostram equipe do Corpo de Bombeiros prestando atendimento no local. Uma leitora do\u00a0Rep\u00f3rterMT\u00a0que mora pr\u00f3ximo \u00e0 igreja informou que estava sendo realizado um trabalho de [&hellip;]<\/p>\n","protected":false},"author":2,"featured_media":1889,"comment_status":"closed","ping_status":"closed","sticky":false,"template":"","format":"standard","meta":{"_monsterinsights_skip_tracking":false,"_monsterinsights_sitenote_active":false,"_monsterinsights_sitenote_note":"","_monsterinsights_sitenote_category":0,"footnotes":""},"categories":[36,1],"tags":[],"_links":{"self":[{"href":"https:\/\/nazarenonews.com.br\/index.php\/wp-json\/wp\/v2\/posts\/1888"}],"collection":[{"href":"https:\/\/nazarenonews.com.br\/index.php\/wp-json\/wp\/v2\/posts"}],"about":[{"href":"https:\/\/nazarenonews.com.br\/index.php\/wp-json\/wp\/v2\/types\/post"}],"author":[{"embeddable":true,"href":"https:\/\/nazarenonews.com.br\/index.php\/wp-json\/wp\/v2\/users\/2"}],"replies":[{"embeddable":true,"href":"https:\/\/nazarenonews.com.br\/index.php\/wp-json\/wp\/v2\/comments?post=1888"}],"version-history":[{"count":1,"href":"https:\/\/nazarenonews.com.br\/index.php\/wp-json\/wp\/v2\/posts\/1888\/revisions"}],"predecessor-version":[{"id":1890,"href":"https:\/\/nazarenonews.com.br\/index.php\/wp-json\/wp\/v2\/posts\/1888\/revisions\/1890"}],"wp:featuredmedia":[{"embeddable":true,"href":"https:\/\/nazarenonews.com.br\/index.php\/wp-json\/wp\/v2\/media\/1889"}],"wp:attachment":[{"href":"https:\/\/nazarenonews.com.br\/index.php\/wp-json\/wp\/v2\/media?parent=1888"}],"wp:term":[{"taxonomy":"category","embeddable":true,"href":"https:\/\/nazarenonews.com.br\/index.php\/wp-json\/wp\/v2\/categories?post=1888"},{"taxonomy":"post_tag","embeddable":true,"href":"https:\/\/nazarenonews.com.br\/index.php\/wp-json\/wp\/v2\/tags?post=1888"}],"curies":[{"name":"wp","href":"https:\/\/api.w.org\/{rel}","templated":true}]}}