{"id":1883,"date":"2024-08-01T07:24:23","date_gmt":"2024-08-01T11:24:23","guid":{"rendered":"https:\/\/nazarenonews.com.br\/?p=1883"},"modified":"2024-08-01T07:24:23","modified_gmt":"2024-08-01T11:24:23","slug":"identificada-uma-das-vitimas-de-queda-de-aviao-em-matupa","status":"publish","type":"post","link":"https:\/\/nazarenonews.com.br\/index.php\/2024\/08\/01\/identificada-uma-das-vitimas-de-queda-de-aviao-em-matupa\/","title":{"rendered":"Identificada uma das v\u00edtimas de queda de avi\u00e3o em Matup\u00e1"},"content":{"rendered":"\n<p>DO REP\u00d3RTER MT<\/p>\n\n\n\n<p>A Per\u00edcia Oficial e Identifica\u00e7\u00e3o T\u00e9cnica (Politec) identificou uma das duas v\u00edtimas acidente a\u00e9reo ocorrido no \u00faltimo dia 23, em Matup\u00e1. Trata-se do colombiano Yamil Carrillo Moreno, de 35 anos. Quanto \u00e0 segunda v\u00edtima, a identifica\u00e7\u00e3o ainda est\u00e1 em andamento.<\/p>\n\n\n\n<p>A identifica\u00e7\u00e3o foi realizada pelos papiloscopistas da Ger\u00eancia de Identifica\u00e7\u00e3o da Politec de Sinop, mesmo diante do elevado grau de degrada\u00e7\u00e3o das impress\u00f5es digitais, devido \u00e0 carboniza\u00e7\u00e3o dos corpos.<\/p>\n\n\n\n<p>O prontu\u00e1rio civil para identifica\u00e7\u00e3o foi obtido em coopera\u00e7\u00e3o com o consulado da Col\u00f4mbia, em Bras\u00edlia.<\/p>\n\n\n\n<p>A aeronave caiu em uma \u00e1rea de planta\u00e7\u00e3o de eucalipto, nas proximidades do aer\u00f3dromo de Matup\u00e1. Ap\u00f3s o impacto no solo, o avi\u00e3o pegou fogo e ficou completamente destru\u00eddo.<\/p>\n","protected":false},"excerpt":{"rendered":"<p>DO REP\u00d3RTER MT A Per\u00edcia Oficial e Identifica\u00e7\u00e3o T\u00e9cnica (Politec) identificou uma das duas v\u00edtimas acidente a\u00e9reo ocorrido no \u00faltimo dia 23, em Matup\u00e1. Trata-se do colombiano Yamil Carrillo Moreno, de 35 anos. Quanto \u00e0 segunda v\u00edtima, a identifica\u00e7\u00e3o ainda est\u00e1 em andamento. A identifica\u00e7\u00e3o foi realizada pelos papiloscopistas da Ger\u00eancia de Identifica\u00e7\u00e3o da Politec [&hellip;]<\/p>\n","protected":false},"author":2,"featured_media":1884,"comment_status":"closed","ping_status":"closed","sticky":false,"template":"","format":"standard","meta":{"_monsterinsights_skip_tracking":false,"_monsterinsights_sitenote_active":false,"_monsterinsights_sitenote_note":"","_monsterinsights_sitenote_category":0,"footnotes":""},"categories":[1],"tags":[],"_links":{"self":[{"href":"https:\/\/nazarenonews.com.br\/index.php\/wp-json\/wp\/v2\/posts\/1883"}],"collection":[{"href":"https:\/\/nazarenonews.com.br\/index.php\/wp-json\/wp\/v2\/posts"}],"about":[{"href":"https:\/\/nazarenonews.com.br\/index.php\/wp-json\/wp\/v2\/types\/post"}],"author":[{"embeddable":true,"href":"https:\/\/nazarenonews.com.br\/index.php\/wp-json\/wp\/v2\/users\/2"}],"replies":[{"embeddable":true,"href":"https:\/\/nazarenonews.com.br\/index.php\/wp-json\/wp\/v2\/comments?post=1883"}],"version-history":[{"count":1,"href":"https:\/\/nazarenonews.com.br\/index.php\/wp-json\/wp\/v2\/posts\/1883\/revisions"}],"predecessor-version":[{"id":1885,"href":"https:\/\/nazarenonews.com.br\/index.php\/wp-json\/wp\/v2\/posts\/1883\/revisions\/1885"}],"wp:featuredmedia":[{"embeddable":true,"href":"https:\/\/nazarenonews.com.br\/index.php\/wp-json\/wp\/v2\/media\/1884"}],"wp:attachment":[{"href":"https:\/\/nazarenonews.com.br\/index.php\/wp-json\/wp\/v2\/media?parent=1883"}],"wp:term":[{"taxonomy":"category","embeddable":true,"href":"https:\/\/nazarenonews.com.br\/index.php\/wp-json\/wp\/v2\/categories?post=1883"},{"taxonomy":"post_tag","embeddable":true,"href":"https:\/\/nazarenonews.com.br\/index.php\/wp-json\/wp\/v2\/tags?post=1883"}],"curies":[{"name":"wp","href":"https:\/\/api.w.org\/{rel}","templated":true}]}}