{"id":1871,"date":"2024-07-31T16:50:33","date_gmt":"2024-07-31T20:50:33","guid":{"rendered":"https:\/\/nazarenonews.com.br\/?p=1871"},"modified":"2024-07-31T16:50:34","modified_gmt":"2024-07-31T20:50:34","slug":"partido-pede-que-supremo-anule-venda-dos-vagoes-do-vlt-para-o-governo-da-bahia","status":"publish","type":"post","link":"https:\/\/nazarenonews.com.br\/index.php\/2024\/07\/31\/partido-pede-que-supremo-anule-venda-dos-vagoes-do-vlt-para-o-governo-da-bahia\/","title":{"rendered":"Partido pede que Supremo anule venda dos vag\u00f5es do VLT para o Governo da Bahia"},"content":{"rendered":"\n<p>Rep\u00f3rter MT <\/p>\n\n\n\n<p>O diret\u00f3rio nacional do Partido Novo pediu que o Supremo Tribunal Federal (STF) suspenda os efeitos de uma instru\u00e7\u00e3o normativa do Tribunal de Contas da Uni\u00e3o (TCU) que possibilitou a cria\u00e7\u00e3o da Secretaria de Controle Externo de Solu\u00e7\u00e3o Consensual e Preven\u00e7\u00e3o de Conflitos e anula\u00e7\u00e3o de todos os acordos feitos no \u00e2mbito da pasta. O \u00f3rg\u00e3o foi o respons\u00e1vel pela media\u00e7\u00e3o que resultou na venda dos vag\u00f5es do VLT pelo estado de Mato Grosso para o Governo da Bahia.<\/p>\n\n\n\n<p>Em junho deste ano, com a intermedia\u00e7\u00e3o do TCU, os estados de Mato Grosso e da Bahia e o Cons\u00f3rcio VLT Cuiab\u00e1 chegaram a um acordo para venda de todos os vag\u00f5es do Ve\u00edculo Leve sobre Trilhos (VLT). O maquin\u00e1rio, que estava armazenado em V\u00e1rzea Grande h\u00e1 cerca de dez anos, ser\u00e1 levado para a fabricante, onde dever\u00e1 passar por reparos. Posteriormente ser\u00e3o entregues para o governo baiano.<\/p>\n\n\n\n<p>Publicada em 22 de dezembro de 2022, a medida possibilitou que a Corte de Contas criasse essa secretaria com o objetivo de atuar na \u201csolu\u00e7\u00e3o consensual de controv\u00e9rsias relevantes e preven\u00e7\u00e3o de conflitos afetos a \u00f3rg\u00e3os p\u00fablicos e entidades da Administra\u00e7\u00e3o P\u00fablica Federal\u201d.<\/p>\n\n\n\n<p>Em seu pedido, o Partido Novo ressalta que, apenas em 2023, foram apresentados 21 pedidos de solicita\u00e7\u00e3o de solu\u00e7\u00e3o consensual para tratar de temas relacionados principalmente ao setor de infraestrutura, considerado um tema sens\u00edvel pelo governo, com possibilidade inclusive de responsabiliza\u00e7\u00e3o dos gestores p\u00fablicos.<\/p>\n\n\n\n<p>O tr\u00e2mite interno coloca o TCU como participante ativo nas discuss\u00f5es sobre a atua\u00e7\u00e3o dos \u00f3rg\u00e3os da administra\u00e7\u00e3o p\u00fablica.<\/p>\n\n\n\n<p>\u201c<strong><em>A Corte de Contas passa a ostentar a condi\u00e7\u00e3o de protagonista, uma vez que a aprova\u00e7\u00e3o da solu\u00e7\u00e3o consensual depende da aquiesc\u00eancia de uma das unidades representantes do TCU para o seu devido encaminhamento ao Plen\u00e1rio da Corte para an\u00e1lise<\/em><\/strong>\u201d, diz a peti\u00e7\u00e3o do Partido Novo.<\/p>\n\n\n\n<p>As alega\u00e7\u00f5es do partido prosseguem afirmando que a Secretaria em quest\u00e3o \u201ctem adotado medidas controversas na aprova\u00e7\u00e3o de acordo (consenso) entre a Administra\u00e7\u00e3o P\u00fablica e particulares diretamente interessados na resolu\u00e7\u00e3o do conflito\u201d inclusive com a \u201ccria\u00e7\u00e3o de par\u00e2metros n\u00e3o previstos em lei, mas autorizados pelo \u00f3rg\u00e3o de controle externo da atividade administrativa\u201d.<\/p>\n\n\n\n<p>Nesse sentido, para o Partido Novo, a cria\u00e7\u00e3o dessa Secretaria viola preceitos fundamentais como o princ\u00edpio da legalidade administrativa, princ\u00edpio da separa\u00e7\u00e3o de poderes, princ\u00edpio da moralidade administrativa e princ\u00edpio republicano.<\/p>\n\n\n\n<p>Por fim, pede que seja concedida cautelar para suspender os efeitos da instru\u00e7\u00e3o normativa que permitiu a cria\u00e7\u00e3o da Secretaria de Controle Externo de Solu\u00e7\u00e3o Consensual e Preven\u00e7\u00e3o de Conflitos, assim como impedir que o TCU crie novas unidades de solu\u00e7\u00e3o consensual e preven\u00e7\u00e3o de conflitos nos mesmos moldes do ato que \u00e9 alvo de contesta\u00e7\u00e3o.<\/p>\n\n\n\n<p>O relator do processo no STF \u00e9 o ministro Edson Fachin, que n\u00e3o tem prazo para se manifestar sobre o pedido.<\/p>\n","protected":false},"excerpt":{"rendered":"<p>Rep\u00f3rter MT O diret\u00f3rio nacional do Partido Novo pediu que o Supremo Tribunal Federal (STF) suspenda os efeitos de uma instru\u00e7\u00e3o normativa do Tribunal de Contas da Uni\u00e3o (TCU) que possibilitou a cria\u00e7\u00e3o da Secretaria de Controle Externo de Solu\u00e7\u00e3o Consensual e Preven\u00e7\u00e3o de Conflitos e anula\u00e7\u00e3o de todos os acordos feitos no \u00e2mbito da [&hellip;]<\/p>\n","protected":false},"author":2,"featured_media":1872,"comment_status":"closed","ping_status":"closed","sticky":false,"template":"","format":"standard","meta":{"_monsterinsights_skip_tracking":false,"_monsterinsights_sitenote_active":false,"_monsterinsights_sitenote_note":"","_monsterinsights_sitenote_category":0,"footnotes":""},"categories":[1],"tags":[],"_links":{"self":[{"href":"https:\/\/nazarenonews.com.br\/index.php\/wp-json\/wp\/v2\/posts\/1871"}],"collection":[{"href":"https:\/\/nazarenonews.com.br\/index.php\/wp-json\/wp\/v2\/posts"}],"about":[{"href":"https:\/\/nazarenonews.com.br\/index.php\/wp-json\/wp\/v2\/types\/post"}],"author":[{"embeddable":true,"href":"https:\/\/nazarenonews.com.br\/index.php\/wp-json\/wp\/v2\/users\/2"}],"replies":[{"embeddable":true,"href":"https:\/\/nazarenonews.com.br\/index.php\/wp-json\/wp\/v2\/comments?post=1871"}],"version-history":[{"count":1,"href":"https:\/\/nazarenonews.com.br\/index.php\/wp-json\/wp\/v2\/posts\/1871\/revisions"}],"predecessor-version":[{"id":1873,"href":"https:\/\/nazarenonews.com.br\/index.php\/wp-json\/wp\/v2\/posts\/1871\/revisions\/1873"}],"wp:featuredmedia":[{"embeddable":true,"href":"https:\/\/nazarenonews.com.br\/index.php\/wp-json\/wp\/v2\/media\/1872"}],"wp:attachment":[{"href":"https:\/\/nazarenonews.com.br\/index.php\/wp-json\/wp\/v2\/media?parent=1871"}],"wp:term":[{"taxonomy":"category","embeddable":true,"href":"https:\/\/nazarenonews.com.br\/index.php\/wp-json\/wp\/v2\/categories?post=1871"},{"taxonomy":"post_tag","embeddable":true,"href":"https:\/\/nazarenonews.com.br\/index.php\/wp-json\/wp\/v2\/tags?post=1871"}],"curies":[{"name":"wp","href":"https:\/\/api.w.org\/{rel}","templated":true}]}}