{"id":1825,"date":"2024-07-29T20:28:52","date_gmt":"2024-07-30T00:28:52","guid":{"rendered":"https:\/\/nazarenonews.com.br\/?p=1825"},"modified":"2024-07-29T20:28:52","modified_gmt":"2024-07-30T00:28:52","slug":"vereador-morre-e-duas-pessoas-ficam-feridas-em-acidente-entre-carros-em-mt","status":"publish","type":"post","link":"https:\/\/nazarenonews.com.br\/index.php\/2024\/07\/29\/vereador-morre-e-duas-pessoas-ficam-feridas-em-acidente-entre-carros-em-mt\/","title":{"rendered":"Vereador morre e duas pessoas ficam feridas em acidente entre carros em MT"},"content":{"rendered":"\n<p>G1-MT<\/p>\n\n\n\n<p>Um acidente envolvendo dois carros vitimou o vereador,&nbsp;<strong>Francisco Edson Moreira dos Santos (PSB), de 51 anos,<\/strong>&nbsp;e deixou o ex-prefeito e pr\u00e9-candidato \u00e0 Prefeitura de&nbsp;<a class=\"\" href=\"https:\/\/g1.globo.com\/mt\/mato-grosso\/cidade\/claudia\/\">Cl\u00e1udia<\/a>,&nbsp;<strong>Jo\u00e3o Batista Moraes de Oliveira, de 45 anos<\/strong>, e outra pessoa de 21 anos feridos, na Serra do Tombador, em&nbsp;<a class=\"\" href=\"https:\/\/g1.globo.com\/mt\/mato-grosso\/cidade\/nobres\/\">Nobres<\/a>, a 150 km de&nbsp;<a class=\"\" href=\"https:\/\/g1.globo.com\/mt\/mato-grosso\/cidade\/cuiaba\/\">Cuiab\u00e1<\/a>, nesta segunda-feira (29).<\/p>\n\n\n\n<p>Em nota, a Prefeitura de Cl\u00e1udia lamentou a morte de Francisco. \u201cNeste momento de dor, expressamos nossos mais sinceros sentimentos. Que Deus conforte o cora\u00e7\u00e3o da familia e dos amigos\u201d.<\/p>\n\n\n\n<p>De acordo com a Pol\u00edcia Civil, o acidente ocorreu na BR-163, em cima da ponte do Rio Tombador. Na ocasi\u00e3o, uma das v\u00edtimas feridas estava indo sentido a\u00a0<a class=\"\" href=\"https:\/\/g1.globo.com\/mt\/mato-grosso\/cidade\/nova-mutum\/\">Nova Mutum<\/a>, a 269 km de Cuiab\u00e1, quando\u00a0perdeu o controle da dire\u00e7\u00e3o, atravessou o canteiro central e bateu de frente contra o carro do vereador.<\/p>\n\n\n\n<p>A pol\u00edcia ainda disse que, ap\u00f3s perder a dire\u00e7\u00e3o, o<strong>&nbsp;ve\u00edculo ainda capotou diversas vezes<\/strong>. Com a batida, o vereador n\u00e3o resistiu aos ferimentos e morreu no local. J\u00e1 Jo\u00e3o Batista, que estava no banco do passageiro no mesmo ve\u00edculo que o vereador, foi socorrido pela ambul\u00e2ncia e encaminhado at\u00e9 um hospital, em Nobres, mas teve que ser transferido at\u00e9 o Pronto Socorro de Cuiab\u00e1. O estado de sa\u00fade dele n\u00e3o foi informado.<\/p>\n\n\n\n<p>A v\u00edtima de 21 anos, que perdeu o controle da dire\u00e7\u00e3o, foi atendida no hospital,&nbsp;<strong>mas n\u00e3o teve<\/strong>&nbsp;<strong>ferimentos graves.<\/strong><\/p>\n","protected":false},"excerpt":{"rendered":"<p>G1-MT Um acidente envolvendo dois carros vitimou o vereador,&nbsp;Francisco Edson Moreira dos Santos (PSB), de 51 anos,&nbsp;e deixou o ex-prefeito e pr\u00e9-candidato \u00e0 Prefeitura de&nbsp;Cl\u00e1udia,&nbsp;Jo\u00e3o Batista Moraes de Oliveira, de 45 anos, e outra pessoa de 21 anos feridos, na Serra do Tombador, em&nbsp;Nobres, a 150 km de&nbsp;Cuiab\u00e1, nesta segunda-feira (29). Em nota, a Prefeitura [&hellip;]<\/p>\n","protected":false},"author":2,"featured_media":1826,"comment_status":"closed","ping_status":"closed","sticky":false,"template":"","format":"standard","meta":{"_monsterinsights_skip_tracking":false,"_monsterinsights_sitenote_active":false,"_monsterinsights_sitenote_note":"","_monsterinsights_sitenote_category":0,"footnotes":""},"categories":[1],"tags":[],"_links":{"self":[{"href":"https:\/\/nazarenonews.com.br\/index.php\/wp-json\/wp\/v2\/posts\/1825"}],"collection":[{"href":"https:\/\/nazarenonews.com.br\/index.php\/wp-json\/wp\/v2\/posts"}],"about":[{"href":"https:\/\/nazarenonews.com.br\/index.php\/wp-json\/wp\/v2\/types\/post"}],"author":[{"embeddable":true,"href":"https:\/\/nazarenonews.com.br\/index.php\/wp-json\/wp\/v2\/users\/2"}],"replies":[{"embeddable":true,"href":"https:\/\/nazarenonews.com.br\/index.php\/wp-json\/wp\/v2\/comments?post=1825"}],"version-history":[{"count":1,"href":"https:\/\/nazarenonews.com.br\/index.php\/wp-json\/wp\/v2\/posts\/1825\/revisions"}],"predecessor-version":[{"id":1827,"href":"https:\/\/nazarenonews.com.br\/index.php\/wp-json\/wp\/v2\/posts\/1825\/revisions\/1827"}],"wp:featuredmedia":[{"embeddable":true,"href":"https:\/\/nazarenonews.com.br\/index.php\/wp-json\/wp\/v2\/media\/1826"}],"wp:attachment":[{"href":"https:\/\/nazarenonews.com.br\/index.php\/wp-json\/wp\/v2\/media?parent=1825"}],"wp:term":[{"taxonomy":"category","embeddable":true,"href":"https:\/\/nazarenonews.com.br\/index.php\/wp-json\/wp\/v2\/categories?post=1825"},{"taxonomy":"post_tag","embeddable":true,"href":"https:\/\/nazarenonews.com.br\/index.php\/wp-json\/wp\/v2\/tags?post=1825"}],"curies":[{"name":"wp","href":"https:\/\/api.w.org\/{rel}","templated":true}]}}