{"id":1811,"date":"2024-07-29T07:14:16","date_gmt":"2024-07-29T11:14:16","guid":{"rendered":"https:\/\/nazarenonews.com.br\/?p=1811"},"modified":"2024-07-29T07:15:26","modified_gmt":"2024-07-29T11:15:26","slug":"previsao-do-tempo-ha-100-dias-sem-chuvas-cidades-do-centro-oeste-tem-alerta-para-baixa-umidade","status":"publish","type":"post","link":"https:\/\/nazarenonews.com.br\/index.php\/2024\/07\/29\/previsao-do-tempo-ha-100-dias-sem-chuvas-cidades-do-centro-oeste-tem-alerta-para-baixa-umidade\/","title":{"rendered":"PREVIS\u00c3O DO TEMPO: H\u00e1 100 dias sem chuvas, cidades do Centro-Oeste t\u00eam alerta para baixa umidade"},"content":{"rendered":"\n<p>A seca caracter\u00edstica do inverno no Centro-Oeste brasileiro deixa os dias muito ensolarados e sem previs\u00e3o de chuva. A baixa umidade do ar atinge todos os estados e contribui para o aumento dos focos de inc\u00eandio no pantanal mato-grossense. Por conta do calor de at\u00e9 34 graus durante o dia, os estados enfrentam focos de inc\u00eandio h\u00e1 mais de 40 dias e o Rio Paraguai marcou seu menor n\u00edvel desde 1964.<\/p>\n\n\n\n<p>No centro sul de Mato Grosso, Goi\u00e1s, Distrito Federal e noroeste de Mato Grosso do Sul, previs\u00e3o de c\u00e9u limpo com n\u00e9voa seca durante a manh\u00e3, que se dissipa ao longo da tarde. J\u00e1 s\u00e3o cerca de 100 dias sem chuva em cidades como Bras\u00edlia e Cuiab\u00e1, locais para onde o Instituto Nacional de Meteorologia j\u00e1 emitiu alerta de perigo potencial por conta da baixa umidade do ar. O Inmet informa que a umidade do ar pode chegar a 20%, com risco de inc\u00eandios florestais e perigos para a sa\u00fade. Por isso \u00e9 importante beber bastante l\u00edquido e evitar exposi\u00e7\u00e3o ao sol durante os hor\u00e1rios mais quentes do dia.<\/p>\n\n\n\n<p>Bras\u00edlia tem m\u00ednima prevista de 12 e m\u00e1xima de 27 graus nesta segunda. J\u00e1 em Goi\u00e2nia as temperaturas ficam entre 15 e 32 graus.<\/p>\n\n\n\n<p>Fonte: <a href=\"https:\/\/brasil61.com\/n\/previsao-do-tempo-ha-100-dias-sem-chuvas-cidades-do-centro-oeste-tem-alerta-para-baixa-umidade-ptco243701\" target=\"_blank\" rel=\"noreferrer noopener\">Brasil 61<\/a><\/p>\n","protected":false},"excerpt":{"rendered":"<p>A seca caracter\u00edstica do inverno no Centro-Oeste brasileiro deixa os dias muito ensolarados e sem previs\u00e3o de chuva. A baixa umidade do ar atinge todos os estados e contribui para o aumento dos focos de inc\u00eandio no pantanal mato-grossense. Por conta do calor de at\u00e9 34 graus durante o dia, os estados enfrentam focos de [&hellip;]<\/p>\n","protected":false},"author":2,"featured_media":1243,"comment_status":"closed","ping_status":"closed","sticky":false,"template":"","format":"standard","meta":{"_monsterinsights_skip_tracking":false,"_monsterinsights_sitenote_active":false,"_monsterinsights_sitenote_note":"","_monsterinsights_sitenote_category":0,"footnotes":""},"categories":[52],"tags":[],"_links":{"self":[{"href":"https:\/\/nazarenonews.com.br\/index.php\/wp-json\/wp\/v2\/posts\/1811"}],"collection":[{"href":"https:\/\/nazarenonews.com.br\/index.php\/wp-json\/wp\/v2\/posts"}],"about":[{"href":"https:\/\/nazarenonews.com.br\/index.php\/wp-json\/wp\/v2\/types\/post"}],"author":[{"embeddable":true,"href":"https:\/\/nazarenonews.com.br\/index.php\/wp-json\/wp\/v2\/users\/2"}],"replies":[{"embeddable":true,"href":"https:\/\/nazarenonews.com.br\/index.php\/wp-json\/wp\/v2\/comments?post=1811"}],"version-history":[{"count":1,"href":"https:\/\/nazarenonews.com.br\/index.php\/wp-json\/wp\/v2\/posts\/1811\/revisions"}],"predecessor-version":[{"id":1812,"href":"https:\/\/nazarenonews.com.br\/index.php\/wp-json\/wp\/v2\/posts\/1811\/revisions\/1812"}],"wp:featuredmedia":[{"embeddable":true,"href":"https:\/\/nazarenonews.com.br\/index.php\/wp-json\/wp\/v2\/media\/1243"}],"wp:attachment":[{"href":"https:\/\/nazarenonews.com.br\/index.php\/wp-json\/wp\/v2\/media?parent=1811"}],"wp:term":[{"taxonomy":"category","embeddable":true,"href":"https:\/\/nazarenonews.com.br\/index.php\/wp-json\/wp\/v2\/categories?post=1811"},{"taxonomy":"post_tag","embeddable":true,"href":"https:\/\/nazarenonews.com.br\/index.php\/wp-json\/wp\/v2\/tags?post=1811"}],"curies":[{"name":"wp","href":"https:\/\/api.w.org\/{rel}","templated":true}]}}